{"id":8164,"date":"2014-11-04T10:21:23","date_gmt":"2014-11-04T09:21:23","guid":{"rendered":"http:\/\/gesundheitsberatung.com\/gesundheit\/?p=8164"},"modified":"2023-06-03T22:11:31","modified_gmt":"2023-06-03T20:11:31","slug":"wer-hat-der-uhr-gedreht-alle-infos-ueber-die-zeitumstellung","status":"publish","type":"post","link":"https:\/\/gesundheitsberatung.com\/gesundheit\/gesundheit-im-alltag\/wer-hat-der-uhr-gedreht-alle-infos-ueber-die-zeitumstellung\/","title":{"rendered":"Wer hat an der Uhr gedreht? \u2013 Alle Infos \u00fcber die Zeitumstellung"},"content":{"rendered":"<p>Sonntag ist es wieder soweit: Am 30. M\u00e4rz 2014 werden die Uhren von der Mitteleurop\u00e4ischen Winterzeit auf die Mitteleurop\u00e4ische\u00a0<b>Sommerzeit<\/b>\u00a0umgestellt. Doch welchen Hintergrund hat dieses allj\u00e4hrliche Vor- und Zur\u00fcckdrehen der Uhr um eine Stunde eigentlich? Ist das Ganze wirklich sinnvoll oder scheiden sich mittlerweile tats\u00e4chlich die Geister? Wir haben einmal genauer f\u00fcr Dich hingesehen.<\/p>\n<h3>Die Geschichte der Sommerzeit<\/h3>\n<p>In den Jahren 1966 und 1967 haben in Europe L\u00e4nder wie Frankreich und Italien bereits damit begonnen, eine von Menschen erdachte Sommerzeit einzuf\u00fchren, indem sie die Uhren am jeweils letzten Sonntag im M\u00e4rz nachts um 2.00 Uhr eine Stunde vorstellten. Somit sprang von nun an die Uhr von 1.59 Uhr direkt auf 3.00 Uhr und den betroffenen Menschen wurde eine Stunde Schlaf geklaut. Arm, wer vor dem Zubettgehen verga\u00df, seinen Wecker umzustellen und schlie\u00dflich eine Stunde zu sp\u00e4t auf der Arbeit erschien. Diesem Dilemma kann man zwar mit sich selbst umstellenden Funk- und Digitaluhren aus dem Weg gehen, doch die geklaute Stunde bleibt. Nach der \u00d6lkrise der 1970er Jahre entschied sich im Jahre 1980 auch Deutschland f\u00fcr die Einf\u00fchrung der Sommerzeit. Ziel war es stets gewesen, die abendlichen Sommersonnenstunden besser nutzen k\u00f6nnen und somit auch Energie zu sparen. Ob dieser Effekt jedoch tats\u00e4chlich eingetreten ist, erf\u00e4hrst Du weiter unten. In der Nacht des letzten Sonntages im Oktober, in diesem Jahr also am 26. Oktober 2014, werden die Uhren schlie\u00dflich von 2.59 Uhr wieder auf 2.00 Uhr zur\u00fcckgestellte und wir bekommen eine Stunde geschenkt. Das klingt nicht nur sch\u00f6ner, sondern ist auch nat\u00fcrlicher: Denn bei der Winterzeit handelt es sich um die astronomisch korrekte Uhrzeit, bei der um 12.00 Uhr mittags die Sonne ihren h\u00f6chsten Stand erreicht.<\/p>\n<h3>Das Kreuz mit der Zeitumstellung und wie die Gr\u00fcnen dagegen angehen wollen<\/h3>\n<p>Wie bereits oben im Text schon angedeutet, hat das Umweltbundesamt seit Einf\u00fchrung der Sommerzeit keinerlei signifikante Energieeinsparungen verzeichnen k\u00f6nnen. Der eigentliche Hauptgrund der Hin- und Herdreherei der Stundenzeiger f\u00e4llt also weg. Wie begr\u00fcnden die Politiker also das weitere Bestehen der zwei verschiedenen Jahresuhrzeiten? Philipp Schmagold jedenfalls spricht sich deutlich gegen die Aufrechterhaltung dieser Tradition aus. Nicht nur berufst\u00e4tige Menschen und Sch\u00fcler leiden nach den Zeitumstellungen unter Schlafst\u00f6rungen und Konzentrationsschwierigkeiten, sondern auch Melkk\u00fche und andere Nutztiere seien davon betroffen, ganz abgesehen von dem enormen organisatorischen Aufwand bei Schichtbetrieben wie beispielsweise der Deutschen Bahn. Herrscht im Lager der Gr\u00fcnen relative Einigkeit dar\u00fcber, dass das zweimalige Umstellen der Uhren abgeschafft werden sollte, so sind sich die Politiker noch nicht im Klaren dar\u00fcber, ob die k\u00fcnstliche Sommer- oder die nat\u00fcrliche Winterzeit als Einheitszeit ganzj\u00e4hrig gelten sollen. Bleibt also nur der Parteitag im November abzuwarten und bis dahin dem Rat der Schlafforscher nachzukommen: Diese empfehlen vor allem empfindlichen Menschen in den Tagen vor der Zeitumstellung immer je eine viertel Stunde fr\u00fcher zu Bett zu gehen, um den \u00dcbergang etwas flie\u00dfender zu gestalten. In diesem Sinne: Schlaf gut!<\/p>\n<p>&nbsp;<\/p>\n","protected":false},"excerpt":{"rendered":"<p>Sonntag ist es wieder soweit: Am 30. M\u00e4rz 2014 werden die Uhren von der Mitteleurop\u00e4ischen Winterzeit auf die Mitteleurop\u00e4ische\u00a0Sommerzeit\u00a0umgestellt. Doch welchen Hintergrund hat dieses allj\u00e4hrliche Vor- und Zur\u00fcckdrehen der Uhr um eine Stunde eigentlich? Ist das Ganze wirklich sinnvoll oder scheiden sich mittlerweile tats\u00e4chlich die Geister? Wir haben einmal genauer f\u00fcr Dich hingesehen. Die Geschichte [&hellip;]<\/p>\n","protected":false},"author":8,"featured_media":9614,"comment_status":"closed","ping_status":"closed","sticky":false,"template":"","format":"standard","meta":{"footnotes":""},"categories":[6151],"tags":[1854,4161,2190,4162],"class_list":["post-8164","post","type-post","status-publish","format-standard","has-post-thumbnail","hentry","category-gesundheit-im-alltag","tag-zeitumstellung","tag-zeitumstellung-geschichte","tag-zeitumstellung-schlafstoerungen","tag-zeitumstellung-sommerzeit"],"yoast_head":"<!-- This site is optimized with the Yoast SEO plugin v26.0 - https:\/\/yoast.com\/wordpress\/plugins\/seo\/ -->\n<title>Wer hat an der Uhr gedreht? \u2013 Alle Infos \u00fcber die Zeitumstellung &#187; Gesundheit<\/title>\n<meta name=\"description\" content=\"Sonntag ist es wieder soweit: Am 30. M\u00e4rz 2014 werden die Uhren von der Mitteleurop\u00e4ischen Winterzeit auf die Mitteleurop\u00e4ische\u00a0Sommerzeit\u00a0umgestellt.\" \/>\n<meta name=\"robots\" content=\"index, follow, max-snippet:-1, max-image-preview:large, max-video-preview:-1\" \/>\n<link rel=\"canonical\" href=\"https:\/\/gesundheitsberatung.com\/gesundheit\/gesundheit-im-alltag\/wer-hat-der-uhr-gedreht-alle-infos-ueber-die-zeitumstellung\/\" \/>\n<meta property=\"og:locale\" content=\"de_DE\" \/>\n<meta property=\"og:type\" content=\"article\" \/>\n<meta property=\"og:title\" content=\"Wer hat an der Uhr gedreht? \u2013 Alle Infos \u00fcber die Zeitumstellung &#187; Gesundheit\" \/>\n<meta property=\"og:description\" content=\"Sonntag ist es wieder soweit: Am 30. M\u00e4rz 2014 werden die Uhren von der Mitteleurop\u00e4ischen Winterzeit auf die Mitteleurop\u00e4ische\u00a0Sommerzeit\u00a0umgestellt.\" \/>\n<meta property=\"og:url\" content=\"https:\/\/gesundheitsberatung.com\/gesundheit\/gesundheit-im-alltag\/wer-hat-der-uhr-gedreht-alle-infos-ueber-die-zeitumstellung\/\" \/>\n<meta property=\"og:site_name\" content=\"Gesundheit\" \/>\n<meta property=\"article:publisher\" content=\"https:\/\/www.facebook.com\/gesundheitsberatung\/\" \/>\n<meta property=\"article:published_time\" content=\"2014-11-04T09:21:23+00:00\" \/>\n<meta property=\"article:modified_time\" content=\"2023-06-03T20:11:31+00:00\" \/>\n<meta property=\"og:image\" content=\"https:\/\/gesundheitsberatung.com\/gesundheit\/wp-content\/uploads\/sites\/4\/wer-hat-an-der-uhr-gedreht.jpg\" \/>\n\t<meta property=\"og:image:width\" content=\"1024\" \/>\n\t<meta property=\"og:image:height\" content=\"683\" \/>\n\t<meta property=\"og:image:type\" content=\"image\/jpeg\" \/>\n<meta name=\"author\" content=\"Marina Hahn\" \/>\n<meta name=\"twitter:card\" content=\"summary_large_image\" \/>\n<meta name=\"twitter:creator\" content=\"@Vistano\" \/>\n<meta name=\"twitter:site\" content=\"@Vistano\" \/>\n<script type=\"application\/ld+json\" class=\"yoast-schema-graph\">{\"@context\":\"https:\/\/schema.org\",\"@graph\":[{\"@type\":\"WebPage\",\"@id\":\"https:\/\/gesundheitsberatung.com\/gesundheit\/gesundheit-im-alltag\/wer-hat-der-uhr-gedreht-alle-infos-ueber-die-zeitumstellung\/\",\"url\":\"https:\/\/gesundheitsberatung.com\/gesundheit\/gesundheit-im-alltag\/wer-hat-der-uhr-gedreht-alle-infos-ueber-die-zeitumstellung\/\",\"name\":\"Wer hat an der Uhr gedreht? \u2013 Alle Infos \u00fcber die Zeitumstellung &#187; Gesundheit\",\"isPartOf\":{\"@id\":\"https:\/\/gesundheitsberatung.com\/gesundheit\/#website\"},\"primaryImageOfPage\":{\"@id\":\"https:\/\/gesundheitsberatung.com\/gesundheit\/gesundheit-im-alltag\/wer-hat-der-uhr-gedreht-alle-infos-ueber-die-zeitumstellung\/#primaryimage\"},\"image\":{\"@id\":\"https:\/\/gesundheitsberatung.com\/gesundheit\/gesundheit-im-alltag\/wer-hat-der-uhr-gedreht-alle-infos-ueber-die-zeitumstellung\/#primaryimage\"},\"thumbnailUrl\":\"https:\/\/gesundheitsberatung.com\/gesundheit\/wp-content\/uploads\/sites\/4\/wer-hat-an-der-uhr-gedreht.jpg\",\"datePublished\":\"2014-11-04T09:21:23+00:00\",\"dateModified\":\"2023-06-03T20:11:31+00:00\",\"author\":{\"@id\":\"https:\/\/gesundheitsberatung.com\/gesundheit\/#\/schema\/person\/e6218ead91161b91a1084107f1be81ab\"},\"description\":\"Sonntag ist es wieder soweit: Am 30. M\u00e4rz 2014 werden die Uhren von der Mitteleurop\u00e4ischen Winterzeit auf die Mitteleurop\u00e4ische\u00a0Sommerzeit\u00a0umgestellt.\",\"breadcrumb\":{\"@id\":\"https:\/\/gesundheitsberatung.com\/gesundheit\/gesundheit-im-alltag\/wer-hat-der-uhr-gedreht-alle-infos-ueber-die-zeitumstellung\/#breadcrumb\"},\"inLanguage\":\"de\",\"potentialAction\":[{\"@type\":\"ReadAction\",\"target\":[\"https:\/\/gesundheitsberatung.com\/gesundheit\/gesundheit-im-alltag\/wer-hat-der-uhr-gedreht-alle-infos-ueber-die-zeitumstellung\/\"]}]},{\"@type\":\"ImageObject\",\"inLanguage\":\"de\",\"@id\":\"https:\/\/gesundheitsberatung.com\/gesundheit\/gesundheit-im-alltag\/wer-hat-der-uhr-gedreht-alle-infos-ueber-die-zeitumstellung\/#primaryimage\",\"url\":\"https:\/\/gesundheitsberatung.com\/gesundheit\/wp-content\/uploads\/sites\/4\/wer-hat-an-der-uhr-gedreht.jpg\",\"contentUrl\":\"https:\/\/gesundheitsberatung.com\/gesundheit\/wp-content\/uploads\/sites\/4\/wer-hat-an-der-uhr-gedreht.jpg\",\"width\":1024,\"height\":683,\"caption\":\"Wer hat an der Uhr gedreht? \u2013 Alle Infos \u00fcber die Zeitumstellung\"},{\"@type\":\"BreadcrumbList\",\"@id\":\"https:\/\/gesundheitsberatung.com\/gesundheit\/gesundheit-im-alltag\/wer-hat-der-uhr-gedreht-alle-infos-ueber-die-zeitumstellung\/#breadcrumb\",\"itemListElement\":[{\"@type\":\"ListItem\",\"position\":1,\"name\":\"Home\",\"item\":\"https:\/\/gesundheitsberatung.com\/gesundheit\/\"},{\"@type\":\"ListItem\",\"position\":2,\"name\":\"Gesundheit im Alltag\",\"item\":\"https:\/\/gesundheitsberatung.com\/gesundheit\/magazin\/gesundheit-im-alltag\/\"},{\"@type\":\"ListItem\",\"position\":3,\"name\":\"Wer hat an der Uhr gedreht? \u2013 Alle Infos \u00fcber die Zeitumstellung\"}]},{\"@type\":\"WebSite\",\"@id\":\"https:\/\/gesundheitsberatung.com\/gesundheit\/#website\",\"url\":\"https:\/\/gesundheitsberatung.com\/gesundheit\/\",\"name\":\"Gesundheit\",\"description\":\"Gesundheit \u260e Beratung durch Gesundheitsberater! Jetzt Gratis-Beratung sichern: \u2714 \u00c4rzte \u2714 Well Aging Trainer \u2714 Heilpraktiker \u2714 Entspannungstherapeuten \u2714 Frauenheilkunde Berater bei Vistano Gesundheit.\",\"potentialAction\":[{\"@type\":\"SearchAction\",\"target\":{\"@type\":\"EntryPoint\",\"urlTemplate\":\"https:\/\/gesundheitsberatung.com\/gesundheit\/?s={search_term_string}\"},\"query-input\":{\"@type\":\"PropertyValueSpecification\",\"valueRequired\":true,\"valueName\":\"search_term_string\"}}],\"inLanguage\":\"de\"},{\"@type\":\"Person\",\"@id\":\"https:\/\/gesundheitsberatung.com\/gesundheit\/#\/schema\/person\/e6218ead91161b91a1084107f1be81ab\",\"name\":\"Marina Hahn\",\"description\":\"Redakteurin bei Vistano Lebensberatung\",\"sameAs\":[\"http:\/\/www.vistano.com\/\"]}]}<\/script>\n<!-- \/ Yoast SEO plugin. -->","yoast_head_json":{"title":"Wer hat an der Uhr gedreht? \u2013 Alle Infos \u00fcber die Zeitumstellung &#187; Gesundheit","description":"Sonntag ist es wieder soweit: Am 30. M\u00e4rz 2014 werden die Uhren von der Mitteleurop\u00e4ischen Winterzeit auf die Mitteleurop\u00e4ische\u00a0Sommerzeit\u00a0umgestellt.","robots":{"index":"index","follow":"follow","max-snippet":"max-snippet:-1","max-image-preview":"max-image-preview:large","max-video-preview":"max-video-preview:-1"},"canonical":"https:\/\/gesundheitsberatung.com\/gesundheit\/gesundheit-im-alltag\/wer-hat-der-uhr-gedreht-alle-infos-ueber-die-zeitumstellung\/","og_locale":"de_DE","og_type":"article","og_title":"Wer hat an der Uhr gedreht? \u2013 Alle Infos \u00fcber die Zeitumstellung &#187; Gesundheit","og_description":"Sonntag ist es wieder soweit: Am 30. M\u00e4rz 2014 werden die Uhren von der Mitteleurop\u00e4ischen Winterzeit auf die Mitteleurop\u00e4ische\u00a0Sommerzeit\u00a0umgestellt.","og_url":"https:\/\/gesundheitsberatung.com\/gesundheit\/gesundheit-im-alltag\/wer-hat-der-uhr-gedreht-alle-infos-ueber-die-zeitumstellung\/","og_site_name":"Gesundheit","article_publisher":"https:\/\/www.facebook.com\/gesundheitsberatung\/","article_published_time":"2014-11-04T09:21:23+00:00","article_modified_time":"2023-06-03T20:11:31+00:00","og_image":[{"width":1024,"height":683,"url":"https:\/\/gesundheitsberatung.com\/gesundheit\/wp-content\/uploads\/sites\/4\/wer-hat-an-der-uhr-gedreht.jpg","type":"image\/jpeg"}],"author":"Marina Hahn","twitter_card":"summary_large_image","twitter_creator":"@Vistano","twitter_site":"@Vistano","schema":{"@context":"https:\/\/schema.org","@graph":[{"@type":"WebPage","@id":"https:\/\/gesundheitsberatung.com\/gesundheit\/gesundheit-im-alltag\/wer-hat-der-uhr-gedreht-alle-infos-ueber-die-zeitumstellung\/","url":"https:\/\/gesundheitsberatung.com\/gesundheit\/gesundheit-im-alltag\/wer-hat-der-uhr-gedreht-alle-infos-ueber-die-zeitumstellung\/","name":"Wer hat an der Uhr gedreht? \u2013 Alle Infos \u00fcber die Zeitumstellung &#187; Gesundheit","isPartOf":{"@id":"https:\/\/gesundheitsberatung.com\/gesundheit\/#website"},"primaryImageOfPage":{"@id":"https:\/\/gesundheitsberatung.com\/gesundheit\/gesundheit-im-alltag\/wer-hat-der-uhr-gedreht-alle-infos-ueber-die-zeitumstellung\/#primaryimage"},"image":{"@id":"https:\/\/gesundheitsberatung.com\/gesundheit\/gesundheit-im-alltag\/wer-hat-der-uhr-gedreht-alle-infos-ueber-die-zeitumstellung\/#primaryimage"},"thumbnailUrl":"https:\/\/gesundheitsberatung.com\/gesundheit\/wp-content\/uploads\/sites\/4\/wer-hat-an-der-uhr-gedreht.jpg","datePublished":"2014-11-04T09:21:23+00:00","dateModified":"2023-06-03T20:11:31+00:00","author":{"@id":"https:\/\/gesundheitsberatung.com\/gesundheit\/#\/schema\/person\/e6218ead91161b91a1084107f1be81ab"},"description":"Sonntag ist es wieder soweit: Am 30. M\u00e4rz 2014 werden die Uhren von der Mitteleurop\u00e4ischen Winterzeit auf die Mitteleurop\u00e4ische\u00a0Sommerzeit\u00a0umgestellt.","breadcrumb":{"@id":"https:\/\/gesundheitsberatung.com\/gesundheit\/gesundheit-im-alltag\/wer-hat-der-uhr-gedreht-alle-infos-ueber-die-zeitumstellung\/#breadcrumb"},"inLanguage":"de","potentialAction":[{"@type":"ReadAction","target":["https:\/\/gesundheitsberatung.com\/gesundheit\/gesundheit-im-alltag\/wer-hat-der-uhr-gedreht-alle-infos-ueber-die-zeitumstellung\/"]}]},{"@type":"ImageObject","inLanguage":"de","@id":"https:\/\/gesundheitsberatung.com\/gesundheit\/gesundheit-im-alltag\/wer-hat-der-uhr-gedreht-alle-infos-ueber-die-zeitumstellung\/#primaryimage","url":"https:\/\/gesundheitsberatung.com\/gesundheit\/wp-content\/uploads\/sites\/4\/wer-hat-an-der-uhr-gedreht.jpg","contentUrl":"https:\/\/gesundheitsberatung.com\/gesundheit\/wp-content\/uploads\/sites\/4\/wer-hat-an-der-uhr-gedreht.jpg","width":1024,"height":683,"caption":"Wer hat an der Uhr gedreht? \u2013 Alle Infos \u00fcber die Zeitumstellung"},{"@type":"BreadcrumbList","@id":"https:\/\/gesundheitsberatung.com\/gesundheit\/gesundheit-im-alltag\/wer-hat-der-uhr-gedreht-alle-infos-ueber-die-zeitumstellung\/#breadcrumb","itemListElement":[{"@type":"ListItem","position":1,"name":"Home","item":"https:\/\/gesundheitsberatung.com\/gesundheit\/"},{"@type":"ListItem","position":2,"name":"Gesundheit im Alltag","item":"https:\/\/gesundheitsberatung.com\/gesundheit\/magazin\/gesundheit-im-alltag\/"},{"@type":"ListItem","position":3,"name":"Wer hat an der Uhr gedreht? \u2013 Alle Infos \u00fcber die Zeitumstellung"}]},{"@type":"WebSite","@id":"https:\/\/gesundheitsberatung.com\/gesundheit\/#website","url":"https:\/\/gesundheitsberatung.com\/gesundheit\/","name":"Gesundheit","description":"Gesundheit \u260e Beratung durch Gesundheitsberater! Jetzt Gratis-Beratung sichern: \u2714 \u00c4rzte \u2714 Well Aging Trainer \u2714 Heilpraktiker \u2714 Entspannungstherapeuten \u2714 Frauenheilkunde Berater bei Vistano Gesundheit.","potentialAction":[{"@type":"SearchAction","target":{"@type":"EntryPoint","urlTemplate":"https:\/\/gesundheitsberatung.com\/gesundheit\/?s={search_term_string}"},"query-input":{"@type":"PropertyValueSpecification","valueRequired":true,"valueName":"search_term_string"}}],"inLanguage":"de"},{"@type":"Person","@id":"https:\/\/gesundheitsberatung.com\/gesundheit\/#\/schema\/person\/e6218ead91161b91a1084107f1be81ab","name":"Marina Hahn","description":"Redakteurin bei Vistano Lebensberatung","sameAs":["http:\/\/www.vistano.com\/"]}]}},"_links":{"self":[{"href":"https:\/\/gesundheitsberatung.com\/gesundheit\/wp-json\/wp\/v2\/posts\/8164","targetHints":{"allow":["GET"]}}],"collection":[{"href":"https:\/\/gesundheitsberatung.com\/gesundheit\/wp-json\/wp\/v2\/posts"}],"about":[{"href":"https:\/\/gesundheitsberatung.com\/gesundheit\/wp-json\/wp\/v2\/types\/post"}],"author":[{"embeddable":true,"href":"https:\/\/gesundheitsberatung.com\/gesundheit\/wp-json\/wp\/v2\/users\/8"}],"replies":[{"embeddable":true,"href":"https:\/\/gesundheitsberatung.com\/gesundheit\/wp-json\/wp\/v2\/comments?post=8164"}],"version-history":[{"count":0,"href":"https:\/\/gesundheitsberatung.com\/gesundheit\/wp-json\/wp\/v2\/posts\/8164\/revisions"}],"wp:featuredmedia":[{"embeddable":true,"href":"https:\/\/gesundheitsberatung.com\/gesundheit\/wp-json\/wp\/v2\/media\/9614"}],"wp:attachment":[{"href":"https:\/\/gesundheitsberatung.com\/gesundheit\/wp-json\/wp\/v2\/media?parent=8164"}],"wp:term":[{"taxonomy":"category","embeddable":true,"href":"https:\/\/gesundheitsberatung.com\/gesundheit\/wp-json\/wp\/v2\/categories?post=8164"},{"taxonomy":"post_tag","embeddable":true,"href":"https:\/\/gesundheitsberatung.com\/gesundheit\/wp-json\/wp\/v2\/tags?post=8164"}],"curies":[{"name":"wp","href":"https:\/\/api.w.org\/{rel}","templated":true}]}}