{"id":7823,"date":"2016-03-01T09:51:08","date_gmt":"2016-03-01T08:51:08","guid":{"rendered":"http:\/\/gesundheitsberatung.com\/gesundheit\/?p=7823"},"modified":"2023-06-03T21:06:01","modified_gmt":"2023-06-03T19:06:01","slug":"die-lange-winterzeit-und-die-massive-freisetzung-von-pollen","status":"publish","type":"post","link":"https:\/\/gesundheitsberatung.com\/gesundheit\/gesundheit-im-alltag\/die-lange-winterzeit-und-die-massive-freisetzung-von-pollen\/","title":{"rendered":"Die lange Winterzeit und die massive Freisetzung von Pollen"},"content":{"rendered":"<p>Der Winterschlaf der Natur ist vorbei. \u201eEndlich\u201c, denken die einen und \u201eleider\u201c, denken die anderen, genauer: 16 Prozent der Deutschen.\u00a0<b>Pollen<\/b>allergiker konnten den langen Winter und sehr kalten Fr\u00fchling mit seinen Minusgraden in vollen Z\u00fcgen genie\u00dfen \u2013 die Pollenbelastung lag quasi bei Null. Doch jetzt droht die von Experten prophezeite \u201eSuperbl\u00fcte\u201c verschiedener B\u00e4ume und Gr\u00e4ser.<\/p>\n<p>Normalerweise verteilt sich der Pollenflug von Esche, Birke und Co. Auf die Monate eines milden Fr\u00fchlings, durch die niedrigen Temperaturen ist die Bl\u00fcte dieser B\u00e4ume jedoch in Verzug geraten. Das Ergebnis wird voraussichtlich eine Pollen-Hochzeit von ungef\u00e4hr vier Wochen sein, wonach der regul\u00e4re Pollen-Kalender wieder greifen sollte. Das Augentr\u00e4nen, Jucken und Niesen geht also wieder los. Viele Allergiker scheuen jedoch den Gang zum Arzt, um eine Hypersensibilisierung durchf\u00fchren zu lassen.<\/p>\n<h3>Medikamente und Hausmittel<\/h3>\n<p>Neben neuen Medikamentenstudien, die derzeit auch in Deutschland durchgef\u00fchrt werden, bringen vor allem altbew\u00e4hrte Hausmittel und Alltagstipps Hoffnung. Ma\u00dfnahmen f\u00fcr Pollenallergiker. Medikament\u00f6s kann man sicherlich einiges gegen die Symptome eine Pollenallergie tun und wenn der behandelnde Arzt einverstanden ist, kann man die verordneten Pr\u00e4parate nach eigenem Ermessen einsetzen. Am besten bew\u00e4hrt haben sich so genannte Antihistaminika und (bei schlimmeren F\u00e4llen) lokale Kortison-Pr\u00e4parate in Form von Nasensprays, Augentropfen und Salben. Antihistaminika k\u00f6nnen sowohl lokal als auch systemisch als Tablette eingesetzt werden, jedoch klagen viele Anwender \u00fcber M\u00fcdigkeit.<\/p>\n<h3>Verhaltenstipps<\/h3>\n<p>Auch einige einfache Verhaltenstipps k\u00f6nnen Linderung verschaffen: Halten Sie beispielsweise T\u00fcren und Fenster so viel wie m\u00f6glich geschlossen und l\u00fcften Sie nur mit einem vorher angebrachten Pollengitter und zu Zeiten, in denen die Pollenbelastung nicht enorm hoch ist. Auf dem Land w\u00e4re dies in den Abendstunden der Fall und in der Stadt am Morgen. H\u00e4ngen Sie au\u00dferdem keine W\u00e4sche zum Trocknen in den Garten und vermeiden Sie zumindest in der Hochsaison T\u00e4tigkeiten im Freien. Um die Pollenbelastung im Haus zu senken, sollten Sie jeden Tag staubsaugen und feucht wischen. Au\u00dferdem sollten Sie Ihre Haare jeden Abend aussp\u00fclen und ihre Kleidung wechseln (am besten im Bad und nicht direkt neben dem Bett). Lassen Sie unter Umst\u00e4nden auch einen neuen Pollenfilter in der Bel\u00fcftungsanlage Ihres Autos einsetzen. Als letztes Hausmittel sei Ihnen noch geraten, bei qu\u00e4lenden Niesattacken sich etwas zeit zu nehmen und warmen Wasserdampf ohne jegliche Zus\u00e4tze zu inhalieren. Das beruhigt die Schleimh\u00e4ute und g\u00f6nnt Ihnen hoffentlich eine Pause.<\/p>\n<p>&nbsp;<\/p>\n","protected":false},"excerpt":{"rendered":"<p>Der Winterschlaf der Natur ist vorbei. \u201eEndlich\u201c, denken die einen und \u201eleider\u201c, denken die anderen, genauer: 16 Prozent der Deutschen.\u00a0Pollenallergiker konnten den langen Winter und sehr kalten Fr\u00fchling mit seinen Minusgraden in vollen Z\u00fcgen genie\u00dfen \u2013 die Pollenbelastung lag quasi bei Null. Doch jetzt droht die von Experten prophezeite \u201eSuperbl\u00fcte\u201c verschiedener B\u00e4ume und Gr\u00e4ser. Normalerweise [&hellip;]<\/p>\n","protected":false},"author":8,"featured_media":20060,"comment_status":"closed","ping_status":"closed","sticky":false,"template":"","format":"standard","meta":{"footnotes":""},"categories":[6151],"tags":[2090,3215,4421,4422,4420],"class_list":["post-7823","post","type-post","status-publish","format-standard","has-post-thumbnail","hentry","category-gesundheit-im-alltag","tag-allergie","tag-pollen","tag-pollen-allergie-antihistaminika","tag-pollenallergie-richtiges-verhalten","tag-tipps-pollenallergie"],"yoast_head":"<!-- This site is optimized with the Yoast SEO plugin v26.0 - https:\/\/yoast.com\/wordpress\/plugins\/seo\/ -->\n<title>Die lange Winterzeit und die massive Freisetzung von Pollen &#187; Gesundheit<\/title>\n<meta name=\"description\" content=\"Der Winterschlaf der Natur ist vorbei. \u201eEndlich\u201c, denken die einen und \u201eleider\u201c, denken die anderen, genauer: 16 Prozent der Deutschen.\u00a0Pollenallergiker\" \/>\n<meta name=\"robots\" content=\"index, follow, max-snippet:-1, max-image-preview:large, max-video-preview:-1\" \/>\n<link rel=\"canonical\" href=\"https:\/\/gesundheitsberatung.com\/gesundheit\/gesundheit-im-alltag\/die-lange-winterzeit-und-die-massive-freisetzung-von-pollen\/\" \/>\n<meta property=\"og:locale\" content=\"de_DE\" \/>\n<meta property=\"og:type\" content=\"article\" \/>\n<meta property=\"og:title\" content=\"Die lange Winterzeit und die massive Freisetzung von Pollen &#187; Gesundheit\" \/>\n<meta property=\"og:description\" content=\"Der Winterschlaf der Natur ist vorbei. \u201eEndlich\u201c, denken die einen und \u201eleider\u201c, denken die anderen, genauer: 16 Prozent der Deutschen.\u00a0Pollenallergiker\" \/>\n<meta property=\"og:url\" content=\"https:\/\/gesundheitsberatung.com\/gesundheit\/gesundheit-im-alltag\/die-lange-winterzeit-und-die-massive-freisetzung-von-pollen\/\" \/>\n<meta property=\"og:site_name\" content=\"Gesundheit\" \/>\n<meta property=\"article:publisher\" content=\"https:\/\/www.facebook.com\/gesundheitsberatung\/\" \/>\n<meta property=\"article:published_time\" content=\"2016-03-01T08:51:08+00:00\" \/>\n<meta property=\"article:modified_time\" content=\"2023-06-03T19:06:01+00:00\" \/>\n<meta property=\"og:image\" content=\"https:\/\/gesundheitsberatung.com\/gesundheit\/wp-content\/uploads\/sites\/4\/die-lange-winterzeit-und-di-1.jpg\" \/>\n\t<meta property=\"og:image:width\" content=\"1024\" \/>\n\t<meta property=\"og:image:height\" content=\"700\" \/>\n\t<meta property=\"og:image:type\" content=\"image\/jpeg\" \/>\n<meta name=\"author\" content=\"Marina Hahn\" \/>\n<meta name=\"twitter:card\" content=\"summary_large_image\" \/>\n<meta name=\"twitter:creator\" content=\"@Vistano\" \/>\n<meta name=\"twitter:site\" content=\"@Vistano\" \/>\n<script type=\"application\/ld+json\" class=\"yoast-schema-graph\">{\"@context\":\"https:\/\/schema.org\",\"@graph\":[{\"@type\":\"WebPage\",\"@id\":\"https:\/\/gesundheitsberatung.com\/gesundheit\/gesundheit-im-alltag\/die-lange-winterzeit-und-die-massive-freisetzung-von-pollen\/\",\"url\":\"https:\/\/gesundheitsberatung.com\/gesundheit\/gesundheit-im-alltag\/die-lange-winterzeit-und-die-massive-freisetzung-von-pollen\/\",\"name\":\"Die lange Winterzeit und die massive Freisetzung von Pollen &#187; Gesundheit\",\"isPartOf\":{\"@id\":\"https:\/\/gesundheitsberatung.com\/gesundheit\/#website\"},\"primaryImageOfPage\":{\"@id\":\"https:\/\/gesundheitsberatung.com\/gesundheit\/gesundheit-im-alltag\/die-lange-winterzeit-und-die-massive-freisetzung-von-pollen\/#primaryimage\"},\"image\":{\"@id\":\"https:\/\/gesundheitsberatung.com\/gesundheit\/gesundheit-im-alltag\/die-lange-winterzeit-und-die-massive-freisetzung-von-pollen\/#primaryimage\"},\"thumbnailUrl\":\"https:\/\/gesundheitsberatung.com\/gesundheit\/wp-content\/uploads\/sites\/4\/die-lange-winterzeit-und-di-1.jpg\",\"datePublished\":\"2016-03-01T08:51:08+00:00\",\"dateModified\":\"2023-06-03T19:06:01+00:00\",\"author\":{\"@id\":\"https:\/\/gesundheitsberatung.com\/gesundheit\/#\/schema\/person\/e6218ead91161b91a1084107f1be81ab\"},\"description\":\"Der Winterschlaf der Natur ist vorbei. \u201eEndlich\u201c, denken die einen und \u201eleider\u201c, denken die anderen, genauer: 16 Prozent der Deutschen.\u00a0Pollenallergiker\",\"breadcrumb\":{\"@id\":\"https:\/\/gesundheitsberatung.com\/gesundheit\/gesundheit-im-alltag\/die-lange-winterzeit-und-die-massive-freisetzung-von-pollen\/#breadcrumb\"},\"inLanguage\":\"de\",\"potentialAction\":[{\"@type\":\"ReadAction\",\"target\":[\"https:\/\/gesundheitsberatung.com\/gesundheit\/gesundheit-im-alltag\/die-lange-winterzeit-und-die-massive-freisetzung-von-pollen\/\"]}]},{\"@type\":\"ImageObject\",\"inLanguage\":\"de\",\"@id\":\"https:\/\/gesundheitsberatung.com\/gesundheit\/gesundheit-im-alltag\/die-lange-winterzeit-und-die-massive-freisetzung-von-pollen\/#primaryimage\",\"url\":\"https:\/\/gesundheitsberatung.com\/gesundheit\/wp-content\/uploads\/sites\/4\/die-lange-winterzeit-und-di-1.jpg\",\"contentUrl\":\"https:\/\/gesundheitsberatung.com\/gesundheit\/wp-content\/uploads\/sites\/4\/die-lange-winterzeit-und-di-1.jpg\",\"width\":1024,\"height\":700,\"caption\":\"Die lange Winterzeit und die massive Freisetzung von Pollen\"},{\"@type\":\"BreadcrumbList\",\"@id\":\"https:\/\/gesundheitsberatung.com\/gesundheit\/gesundheit-im-alltag\/die-lange-winterzeit-und-die-massive-freisetzung-von-pollen\/#breadcrumb\",\"itemListElement\":[{\"@type\":\"ListItem\",\"position\":1,\"name\":\"Home\",\"item\":\"https:\/\/gesundheitsberatung.com\/gesundheit\/\"},{\"@type\":\"ListItem\",\"position\":2,\"name\":\"Gesundheit im Alltag\",\"item\":\"https:\/\/gesundheitsberatung.com\/gesundheit\/magazin\/gesundheit-im-alltag\/\"},{\"@type\":\"ListItem\",\"position\":3,\"name\":\"Die lange Winterzeit und die massive Freisetzung von Pollen\"}]},{\"@type\":\"WebSite\",\"@id\":\"https:\/\/gesundheitsberatung.com\/gesundheit\/#website\",\"url\":\"https:\/\/gesundheitsberatung.com\/gesundheit\/\",\"name\":\"Gesundheit\",\"description\":\"Gesundheit \u260e Beratung durch Gesundheitsberater! Jetzt Gratis-Beratung sichern: \u2714 \u00c4rzte \u2714 Well Aging Trainer \u2714 Heilpraktiker \u2714 Entspannungstherapeuten \u2714 Frauenheilkunde Berater bei Vistano Gesundheit.\",\"potentialAction\":[{\"@type\":\"SearchAction\",\"target\":{\"@type\":\"EntryPoint\",\"urlTemplate\":\"https:\/\/gesundheitsberatung.com\/gesundheit\/?s={search_term_string}\"},\"query-input\":{\"@type\":\"PropertyValueSpecification\",\"valueRequired\":true,\"valueName\":\"search_term_string\"}}],\"inLanguage\":\"de\"},{\"@type\":\"Person\",\"@id\":\"https:\/\/gesundheitsberatung.com\/gesundheit\/#\/schema\/person\/e6218ead91161b91a1084107f1be81ab\",\"name\":\"Marina Hahn\",\"description\":\"Redakteurin bei Vistano Lebensberatung\",\"sameAs\":[\"http:\/\/www.vistano.com\/\"]}]}<\/script>\n<!-- \/ Yoast SEO plugin. -->","yoast_head_json":{"title":"Die lange Winterzeit und die massive Freisetzung von Pollen &#187; Gesundheit","description":"Der Winterschlaf der Natur ist vorbei. \u201eEndlich\u201c, denken die einen und \u201eleider\u201c, denken die anderen, genauer: 16 Prozent der Deutschen.\u00a0Pollenallergiker","robots":{"index":"index","follow":"follow","max-snippet":"max-snippet:-1","max-image-preview":"max-image-preview:large","max-video-preview":"max-video-preview:-1"},"canonical":"https:\/\/gesundheitsberatung.com\/gesundheit\/gesundheit-im-alltag\/die-lange-winterzeit-und-die-massive-freisetzung-von-pollen\/","og_locale":"de_DE","og_type":"article","og_title":"Die lange Winterzeit und die massive Freisetzung von Pollen &#187; Gesundheit","og_description":"Der Winterschlaf der Natur ist vorbei. \u201eEndlich\u201c, denken die einen und \u201eleider\u201c, denken die anderen, genauer: 16 Prozent der Deutschen.\u00a0Pollenallergiker","og_url":"https:\/\/gesundheitsberatung.com\/gesundheit\/gesundheit-im-alltag\/die-lange-winterzeit-und-die-massive-freisetzung-von-pollen\/","og_site_name":"Gesundheit","article_publisher":"https:\/\/www.facebook.com\/gesundheitsberatung\/","article_published_time":"2016-03-01T08:51:08+00:00","article_modified_time":"2023-06-03T19:06:01+00:00","og_image":[{"width":1024,"height":700,"url":"https:\/\/gesundheitsberatung.com\/gesundheit\/wp-content\/uploads\/sites\/4\/die-lange-winterzeit-und-di-1.jpg","type":"image\/jpeg"}],"author":"Marina Hahn","twitter_card":"summary_large_image","twitter_creator":"@Vistano","twitter_site":"@Vistano","schema":{"@context":"https:\/\/schema.org","@graph":[{"@type":"WebPage","@id":"https:\/\/gesundheitsberatung.com\/gesundheit\/gesundheit-im-alltag\/die-lange-winterzeit-und-die-massive-freisetzung-von-pollen\/","url":"https:\/\/gesundheitsberatung.com\/gesundheit\/gesundheit-im-alltag\/die-lange-winterzeit-und-die-massive-freisetzung-von-pollen\/","name":"Die lange Winterzeit und die massive Freisetzung von Pollen &#187; Gesundheit","isPartOf":{"@id":"https:\/\/gesundheitsberatung.com\/gesundheit\/#website"},"primaryImageOfPage":{"@id":"https:\/\/gesundheitsberatung.com\/gesundheit\/gesundheit-im-alltag\/die-lange-winterzeit-und-die-massive-freisetzung-von-pollen\/#primaryimage"},"image":{"@id":"https:\/\/gesundheitsberatung.com\/gesundheit\/gesundheit-im-alltag\/die-lange-winterzeit-und-die-massive-freisetzung-von-pollen\/#primaryimage"},"thumbnailUrl":"https:\/\/gesundheitsberatung.com\/gesundheit\/wp-content\/uploads\/sites\/4\/die-lange-winterzeit-und-di-1.jpg","datePublished":"2016-03-01T08:51:08+00:00","dateModified":"2023-06-03T19:06:01+00:00","author":{"@id":"https:\/\/gesundheitsberatung.com\/gesundheit\/#\/schema\/person\/e6218ead91161b91a1084107f1be81ab"},"description":"Der Winterschlaf der Natur ist vorbei. \u201eEndlich\u201c, denken die einen und \u201eleider\u201c, denken die anderen, genauer: 16 Prozent der Deutschen.\u00a0Pollenallergiker","breadcrumb":{"@id":"https:\/\/gesundheitsberatung.com\/gesundheit\/gesundheit-im-alltag\/die-lange-winterzeit-und-die-massive-freisetzung-von-pollen\/#breadcrumb"},"inLanguage":"de","potentialAction":[{"@type":"ReadAction","target":["https:\/\/gesundheitsberatung.com\/gesundheit\/gesundheit-im-alltag\/die-lange-winterzeit-und-die-massive-freisetzung-von-pollen\/"]}]},{"@type":"ImageObject","inLanguage":"de","@id":"https:\/\/gesundheitsberatung.com\/gesundheit\/gesundheit-im-alltag\/die-lange-winterzeit-und-die-massive-freisetzung-von-pollen\/#primaryimage","url":"https:\/\/gesundheitsberatung.com\/gesundheit\/wp-content\/uploads\/sites\/4\/die-lange-winterzeit-und-di-1.jpg","contentUrl":"https:\/\/gesundheitsberatung.com\/gesundheit\/wp-content\/uploads\/sites\/4\/die-lange-winterzeit-und-di-1.jpg","width":1024,"height":700,"caption":"Die lange Winterzeit und die massive Freisetzung von Pollen"},{"@type":"BreadcrumbList","@id":"https:\/\/gesundheitsberatung.com\/gesundheit\/gesundheit-im-alltag\/die-lange-winterzeit-und-die-massive-freisetzung-von-pollen\/#breadcrumb","itemListElement":[{"@type":"ListItem","position":1,"name":"Home","item":"https:\/\/gesundheitsberatung.com\/gesundheit\/"},{"@type":"ListItem","position":2,"name":"Gesundheit im Alltag","item":"https:\/\/gesundheitsberatung.com\/gesundheit\/magazin\/gesundheit-im-alltag\/"},{"@type":"ListItem","position":3,"name":"Die lange Winterzeit und die massive Freisetzung von Pollen"}]},{"@type":"WebSite","@id":"https:\/\/gesundheitsberatung.com\/gesundheit\/#website","url":"https:\/\/gesundheitsberatung.com\/gesundheit\/","name":"Gesundheit","description":"Gesundheit \u260e Beratung durch Gesundheitsberater! Jetzt Gratis-Beratung sichern: \u2714 \u00c4rzte \u2714 Well Aging Trainer \u2714 Heilpraktiker \u2714 Entspannungstherapeuten \u2714 Frauenheilkunde Berater bei Vistano Gesundheit.","potentialAction":[{"@type":"SearchAction","target":{"@type":"EntryPoint","urlTemplate":"https:\/\/gesundheitsberatung.com\/gesundheit\/?s={search_term_string}"},"query-input":{"@type":"PropertyValueSpecification","valueRequired":true,"valueName":"search_term_string"}}],"inLanguage":"de"},{"@type":"Person","@id":"https:\/\/gesundheitsberatung.com\/gesundheit\/#\/schema\/person\/e6218ead91161b91a1084107f1be81ab","name":"Marina Hahn","description":"Redakteurin bei Vistano Lebensberatung","sameAs":["http:\/\/www.vistano.com\/"]}]}},"_links":{"self":[{"href":"https:\/\/gesundheitsberatung.com\/gesundheit\/wp-json\/wp\/v2\/posts\/7823","targetHints":{"allow":["GET"]}}],"collection":[{"href":"https:\/\/gesundheitsberatung.com\/gesundheit\/wp-json\/wp\/v2\/posts"}],"about":[{"href":"https:\/\/gesundheitsberatung.com\/gesundheit\/wp-json\/wp\/v2\/types\/post"}],"author":[{"embeddable":true,"href":"https:\/\/gesundheitsberatung.com\/gesundheit\/wp-json\/wp\/v2\/users\/8"}],"replies":[{"embeddable":true,"href":"https:\/\/gesundheitsberatung.com\/gesundheit\/wp-json\/wp\/v2\/comments?post=7823"}],"version-history":[{"count":0,"href":"https:\/\/gesundheitsberatung.com\/gesundheit\/wp-json\/wp\/v2\/posts\/7823\/revisions"}],"wp:featuredmedia":[{"embeddable":true,"href":"https:\/\/gesundheitsberatung.com\/gesundheit\/wp-json\/wp\/v2\/media\/20060"}],"wp:attachment":[{"href":"https:\/\/gesundheitsberatung.com\/gesundheit\/wp-json\/wp\/v2\/media?parent=7823"}],"wp:term":[{"taxonomy":"category","embeddable":true,"href":"https:\/\/gesundheitsberatung.com\/gesundheit\/wp-json\/wp\/v2\/categories?post=7823"},{"taxonomy":"post_tag","embeddable":true,"href":"https:\/\/gesundheitsberatung.com\/gesundheit\/wp-json\/wp\/v2\/tags?post=7823"}],"curies":[{"name":"wp","href":"https:\/\/api.w.org\/{rel}","templated":true}]}}