{"id":63582,"date":"2016-11-29T23:50:14","date_gmt":"2016-11-29T22:50:14","guid":{"rendered":"https:\/\/gesundheitsberatung.com\/gesundheit\/?p=63582"},"modified":"2023-06-03T21:01:50","modified_gmt":"2023-06-03T19:01:50","slug":"auswirkungen-von-laerm-auf-die-gesundheit","status":"publish","type":"post","link":"https:\/\/gesundheitsberatung.com\/gesundheit\/gesundheit-im-alltag\/auswirkungen-von-laerm-auf-die-gesundheit\/","title":{"rendered":"Auswirkungen von L\u00e4rm auf die Gesundheit"},"content":{"rendered":"<p>Beim m\u00f6glichen Zusammenhang zwischen L\u00e4rm und der Sch\u00e4digung der Gesundheit, denkt man zun\u00e4chst an akute Geh\u00f6rsch\u00e4den, die sogar bis zum Verlust der H\u00f6rf\u00e4higkeit f\u00fchren k\u00f6nnen. L\u00e4rm kann aber auch zu Herz-Kreislauf-Erkrankungen f\u00fchren und die Seele krank machen! L\u00e4rm, gleich welcher Art und welche Dauer &#8211; wird vom K\u00f6rper und von der Seele als Stress empfunden und dieser gilt l\u00e4ngst als krankmachender Faktor.<\/p>\n<p>L\u00e4rm gilt als Stressfaktor. Verkehrs- oder Industriel\u00e4rm, der st\u00e4ndig im Hintergrund vorhanden ist, muss nicht einmal so laut sein, dass es zu einer Beeintr\u00e4chtigung der H\u00f6rf\u00e4higkeit kommt und dennoch ist er sch\u00e4dlich, sogar gef\u00e4hrlich. Sobald eine normale Kommunikation beeintr\u00e4chtigt wird und eine absolute Entspannung nicht m\u00f6glich ist, kann bereits langfristig eine Gesundheitssch\u00e4digung eintreten. Zu bleibenden H\u00f6rsch\u00e4den kann es kommen, wenn \u00fcber einen l\u00e4ngeren Zeitraum hinweg immer wieder hohe Schallbelastungen an das Innenohr gelangen.<\/p>\n<p>Dabei kann es sich um laute Musik handeln, die \u00fcber Kopfh\u00f6rer oder Ohrst\u00f6psel geh\u00f6rt wird. Schallmessungen ergaben bei Kopfh\u00f6rermusik eine db(A) Belastung, die auch durch einen Presslufthammer erzeugt wird. Es kommt zwar nicht sofort zu einer Minderung der H\u00f6rf\u00e4higkeit, aber \u00fcber Jahre hinweg ist mit Sicherheit mit einem H\u00f6rschaden zu rechnen.<\/p>\n<p>Zu sofortigen Beeintr\u00e4chtigung, bis hin zur Taubheit kann es bei pl\u00f6tzlich eintretenden, einmaligen Ger\u00e4uschen kommen. Das beste Beispiel daf\u00fcr sind Silvesterb\u00f6ller, aber auch die harmlos aussehenden Knackfiguren k\u00f6nnen f\u00fcrs kindliche Ohr gef\u00e4hrlich werden, wenn sie mit unglaublichen 135 db(A) direkt ans Ohr gehalten werden. Kinderpistolen knallen sogar noch lauter, n\u00e4mlich mit ca. 170 db(A). Ein Dauerschallpegel von ca. 65 db(A), wie er beispielsweise durch Verkehrsl\u00e4rm entsteht, wirkt sch\u00e4digend auf das Herz-Kreislauf-System.<\/p>\n<p>Untersuchungen haben gezeigt, dass Menschen, die in verkehrsberuhigten Zonen oder im Gr\u00fcnen wohnen, im Durchschnitt weniger von Bluthochdruck betroffen sind, als Patienten mit Wohnsitz mitten in der Stadt oder an stark befahrenen Stra\u00dfen. Die Gefahr, einen Herzinfarkt oder Schlaganfall zu erleiden, steigt durch einen erh\u00f6hten Ger\u00e4uschpegel deutlich an. Nicht zuletzt ist eine gest\u00f6rte Nachtruhe aufgrund von L\u00e4rm ein h\u00e4ufiger Ausl\u00f6ser f\u00fcr k\u00f6rperliche und psychische Erkrankungen. Bei einem messbaren L\u00e4rmpegel ab 45 db(A) kommt es bei vielen Menschen zu Ein- und Durchschlafst\u00f6rungen. Dadurch wird das Immunsystem geschw\u00e4cht und das vegetative Nervensystem auf eine harte Probe gestellt.<\/p>\n<p>&nbsp;<\/p>\n","protected":false},"excerpt":{"rendered":"<p>Beim m\u00f6glichen Zusammenhang zwischen L\u00e4rm und der Sch\u00e4digung der Gesundheit, denkt man zun\u00e4chst an akute Geh\u00f6rsch\u00e4den, die sogar bis zum Verlust der H\u00f6rf\u00e4higkeit f\u00fchren k\u00f6nnen. L\u00e4rm kann aber auch zu Herz-Kreislauf-Erkrankungen f\u00fchren und die Seele krank machen! L\u00e4rm, gleich welcher Art und welche Dauer &#8211; wird vom K\u00f6rper und von der Seele als Stress empfunden [&hellip;]<\/p>\n","protected":false},"author":9,"featured_media":63755,"comment_status":"closed","ping_status":"closed","sticky":false,"template":"","format":"standard","meta":{"footnotes":""},"categories":[6151],"tags":[1807,6755,6756],"class_list":["post-63582","post","type-post","status-publish","format-standard","has-post-thumbnail","hentry","category-gesundheit-im-alltag","tag-gesundheit","tag-hoerminderung","tag-hoerschaedigung"],"yoast_head":"<!-- This site is optimized with the Yoast SEO plugin v26.0 - https:\/\/yoast.com\/wordpress\/plugins\/seo\/ -->\n<title>Auswirkungen von L\u00e4rm auf die Gesundheit &#187; Gesundheit<\/title>\n<meta name=\"description\" content=\"Beim m\u00f6glichen Zusammenhang zwischen L\u00e4rm und der Sch\u00e4digung der Gesundheit, denkt man zun\u00e4chst an akute Geh\u00f6rsch\u00e4den, die sogar bis zum Verlust der\" \/>\n<meta name=\"robots\" content=\"index, follow, max-snippet:-1, max-image-preview:large, max-video-preview:-1\" \/>\n<link rel=\"canonical\" href=\"https:\/\/gesundheitsberatung.com\/gesundheit\/gesundheit-im-alltag\/auswirkungen-von-laerm-auf-die-gesundheit\/\" \/>\n<meta property=\"og:locale\" content=\"de_DE\" \/>\n<meta property=\"og:type\" content=\"article\" \/>\n<meta property=\"og:title\" content=\"Auswirkungen von L\u00e4rm auf die Gesundheit &#187; Gesundheit\" \/>\n<meta property=\"og:description\" content=\"Beim m\u00f6glichen Zusammenhang zwischen L\u00e4rm und der Sch\u00e4digung der Gesundheit, denkt man zun\u00e4chst an akute Geh\u00f6rsch\u00e4den, die sogar bis zum Verlust der\" \/>\n<meta property=\"og:url\" content=\"https:\/\/gesundheitsberatung.com\/gesundheit\/gesundheit-im-alltag\/auswirkungen-von-laerm-auf-die-gesundheit\/\" \/>\n<meta property=\"og:site_name\" content=\"Gesundheit\" \/>\n<meta property=\"article:publisher\" content=\"https:\/\/www.facebook.com\/gesundheitsberatung\/\" \/>\n<meta property=\"article:published_time\" content=\"2016-11-29T22:50:14+00:00\" \/>\n<meta property=\"article:modified_time\" content=\"2023-06-03T19:01:50+00:00\" \/>\n<meta property=\"og:image\" content=\"https:\/\/gesundheitsberatung.com\/gesundheit\/wp-content\/uploads\/sites\/4\/auswirkungen-von-laerm-auf-die-gesundheit-1.jpg\" \/>\n\t<meta property=\"og:image:width\" content=\"1024\" \/>\n\t<meta property=\"og:image:height\" content=\"768\" \/>\n\t<meta property=\"og:image:type\" content=\"image\/jpeg\" \/>\n<meta name=\"author\" content=\"Laura Behm\" \/>\n<meta name=\"twitter:card\" content=\"summary_large_image\" \/>\n<meta name=\"twitter:creator\" content=\"@Vistano\" \/>\n<meta name=\"twitter:site\" content=\"@Vistano\" \/>\n<script type=\"application\/ld+json\" class=\"yoast-schema-graph\">{\"@context\":\"https:\/\/schema.org\",\"@graph\":[{\"@type\":\"WebPage\",\"@id\":\"https:\/\/gesundheitsberatung.com\/gesundheit\/gesundheit-im-alltag\/auswirkungen-von-laerm-auf-die-gesundheit\/\",\"url\":\"https:\/\/gesundheitsberatung.com\/gesundheit\/gesundheit-im-alltag\/auswirkungen-von-laerm-auf-die-gesundheit\/\",\"name\":\"Auswirkungen von L\u00e4rm auf die Gesundheit &#187; Gesundheit\",\"isPartOf\":{\"@id\":\"https:\/\/gesundheitsberatung.com\/gesundheit\/#website\"},\"primaryImageOfPage\":{\"@id\":\"https:\/\/gesundheitsberatung.com\/gesundheit\/gesundheit-im-alltag\/auswirkungen-von-laerm-auf-die-gesundheit\/#primaryimage\"},\"image\":{\"@id\":\"https:\/\/gesundheitsberatung.com\/gesundheit\/gesundheit-im-alltag\/auswirkungen-von-laerm-auf-die-gesundheit\/#primaryimage\"},\"thumbnailUrl\":\"https:\/\/gesundheitsberatung.com\/gesundheit\/wp-content\/uploads\/sites\/4\/auswirkungen-von-laerm-auf-die-gesundheit-1.jpg\",\"datePublished\":\"2016-11-29T22:50:14+00:00\",\"dateModified\":\"2023-06-03T19:01:50+00:00\",\"author\":{\"@id\":\"https:\/\/gesundheitsberatung.com\/gesundheit\/#\/schema\/person\/ef95dd512e246837e5c8b258fef765bf\"},\"description\":\"Beim m\u00f6glichen Zusammenhang zwischen L\u00e4rm und der Sch\u00e4digung der Gesundheit, denkt man zun\u00e4chst an akute Geh\u00f6rsch\u00e4den, die sogar bis zum Verlust der\",\"breadcrumb\":{\"@id\":\"https:\/\/gesundheitsberatung.com\/gesundheit\/gesundheit-im-alltag\/auswirkungen-von-laerm-auf-die-gesundheit\/#breadcrumb\"},\"inLanguage\":\"de\",\"potentialAction\":[{\"@type\":\"ReadAction\",\"target\":[\"https:\/\/gesundheitsberatung.com\/gesundheit\/gesundheit-im-alltag\/auswirkungen-von-laerm-auf-die-gesundheit\/\"]}]},{\"@type\":\"ImageObject\",\"inLanguage\":\"de\",\"@id\":\"https:\/\/gesundheitsberatung.com\/gesundheit\/gesundheit-im-alltag\/auswirkungen-von-laerm-auf-die-gesundheit\/#primaryimage\",\"url\":\"https:\/\/gesundheitsberatung.com\/gesundheit\/wp-content\/uploads\/sites\/4\/auswirkungen-von-laerm-auf-die-gesundheit-1.jpg\",\"contentUrl\":\"https:\/\/gesundheitsberatung.com\/gesundheit\/wp-content\/uploads\/sites\/4\/auswirkungen-von-laerm-auf-die-gesundheit-1.jpg\",\"width\":1024,\"height\":768,\"caption\":\"Auswirkungen von L\u00e4rm auf die Gesundheit\"},{\"@type\":\"BreadcrumbList\",\"@id\":\"https:\/\/gesundheitsberatung.com\/gesundheit\/gesundheit-im-alltag\/auswirkungen-von-laerm-auf-die-gesundheit\/#breadcrumb\",\"itemListElement\":[{\"@type\":\"ListItem\",\"position\":1,\"name\":\"Home\",\"item\":\"https:\/\/gesundheitsberatung.com\/gesundheit\/\"},{\"@type\":\"ListItem\",\"position\":2,\"name\":\"Gesundheit im Alltag\",\"item\":\"https:\/\/gesundheitsberatung.com\/gesundheit\/magazin\/gesundheit-im-alltag\/\"},{\"@type\":\"ListItem\",\"position\":3,\"name\":\"Auswirkungen von L\u00e4rm auf die Gesundheit\"}]},{\"@type\":\"WebSite\",\"@id\":\"https:\/\/gesundheitsberatung.com\/gesundheit\/#website\",\"url\":\"https:\/\/gesundheitsberatung.com\/gesundheit\/\",\"name\":\"Gesundheit\",\"description\":\"Gesundheit \u260e Beratung durch Gesundheitsberater! Jetzt Gratis-Beratung sichern: \u2714 \u00c4rzte \u2714 Well Aging Trainer \u2714 Heilpraktiker \u2714 Entspannungstherapeuten \u2714 Frauenheilkunde Berater bei Vistano Gesundheit.\",\"potentialAction\":[{\"@type\":\"SearchAction\",\"target\":{\"@type\":\"EntryPoint\",\"urlTemplate\":\"https:\/\/gesundheitsberatung.com\/gesundheit\/?s={search_term_string}\"},\"query-input\":{\"@type\":\"PropertyValueSpecification\",\"valueRequired\":true,\"valueName\":\"search_term_string\"}}],\"inLanguage\":\"de\"},{\"@type\":\"Person\",\"@id\":\"https:\/\/gesundheitsberatung.com\/gesundheit\/#\/schema\/person\/ef95dd512e246837e5c8b258fef765bf\",\"name\":\"Laura Behm\",\"description\":\"Redakteurin bei Vistano Lebensberatung\",\"sameAs\":[\"http:\/\/www.vistano.com\/\"]}]}<\/script>\n<!-- \/ Yoast SEO plugin. -->","yoast_head_json":{"title":"Auswirkungen von L\u00e4rm auf die Gesundheit &#187; Gesundheit","description":"Beim m\u00f6glichen Zusammenhang zwischen L\u00e4rm und der Sch\u00e4digung der Gesundheit, denkt man zun\u00e4chst an akute Geh\u00f6rsch\u00e4den, die sogar bis zum Verlust der","robots":{"index":"index","follow":"follow","max-snippet":"max-snippet:-1","max-image-preview":"max-image-preview:large","max-video-preview":"max-video-preview:-1"},"canonical":"https:\/\/gesundheitsberatung.com\/gesundheit\/gesundheit-im-alltag\/auswirkungen-von-laerm-auf-die-gesundheit\/","og_locale":"de_DE","og_type":"article","og_title":"Auswirkungen von L\u00e4rm auf die Gesundheit &#187; Gesundheit","og_description":"Beim m\u00f6glichen Zusammenhang zwischen L\u00e4rm und der Sch\u00e4digung der Gesundheit, denkt man zun\u00e4chst an akute Geh\u00f6rsch\u00e4den, die sogar bis zum Verlust der","og_url":"https:\/\/gesundheitsberatung.com\/gesundheit\/gesundheit-im-alltag\/auswirkungen-von-laerm-auf-die-gesundheit\/","og_site_name":"Gesundheit","article_publisher":"https:\/\/www.facebook.com\/gesundheitsberatung\/","article_published_time":"2016-11-29T22:50:14+00:00","article_modified_time":"2023-06-03T19:01:50+00:00","og_image":[{"width":1024,"height":768,"url":"https:\/\/gesundheitsberatung.com\/gesundheit\/wp-content\/uploads\/sites\/4\/auswirkungen-von-laerm-auf-die-gesundheit-1.jpg","type":"image\/jpeg"}],"author":"Laura Behm","twitter_card":"summary_large_image","twitter_creator":"@Vistano","twitter_site":"@Vistano","schema":{"@context":"https:\/\/schema.org","@graph":[{"@type":"WebPage","@id":"https:\/\/gesundheitsberatung.com\/gesundheit\/gesundheit-im-alltag\/auswirkungen-von-laerm-auf-die-gesundheit\/","url":"https:\/\/gesundheitsberatung.com\/gesundheit\/gesundheit-im-alltag\/auswirkungen-von-laerm-auf-die-gesundheit\/","name":"Auswirkungen von L\u00e4rm auf die Gesundheit &#187; Gesundheit","isPartOf":{"@id":"https:\/\/gesundheitsberatung.com\/gesundheit\/#website"},"primaryImageOfPage":{"@id":"https:\/\/gesundheitsberatung.com\/gesundheit\/gesundheit-im-alltag\/auswirkungen-von-laerm-auf-die-gesundheit\/#primaryimage"},"image":{"@id":"https:\/\/gesundheitsberatung.com\/gesundheit\/gesundheit-im-alltag\/auswirkungen-von-laerm-auf-die-gesundheit\/#primaryimage"},"thumbnailUrl":"https:\/\/gesundheitsberatung.com\/gesundheit\/wp-content\/uploads\/sites\/4\/auswirkungen-von-laerm-auf-die-gesundheit-1.jpg","datePublished":"2016-11-29T22:50:14+00:00","dateModified":"2023-06-03T19:01:50+00:00","author":{"@id":"https:\/\/gesundheitsberatung.com\/gesundheit\/#\/schema\/person\/ef95dd512e246837e5c8b258fef765bf"},"description":"Beim m\u00f6glichen Zusammenhang zwischen L\u00e4rm und der Sch\u00e4digung der Gesundheit, denkt man zun\u00e4chst an akute Geh\u00f6rsch\u00e4den, die sogar bis zum Verlust der","breadcrumb":{"@id":"https:\/\/gesundheitsberatung.com\/gesundheit\/gesundheit-im-alltag\/auswirkungen-von-laerm-auf-die-gesundheit\/#breadcrumb"},"inLanguage":"de","potentialAction":[{"@type":"ReadAction","target":["https:\/\/gesundheitsberatung.com\/gesundheit\/gesundheit-im-alltag\/auswirkungen-von-laerm-auf-die-gesundheit\/"]}]},{"@type":"ImageObject","inLanguage":"de","@id":"https:\/\/gesundheitsberatung.com\/gesundheit\/gesundheit-im-alltag\/auswirkungen-von-laerm-auf-die-gesundheit\/#primaryimage","url":"https:\/\/gesundheitsberatung.com\/gesundheit\/wp-content\/uploads\/sites\/4\/auswirkungen-von-laerm-auf-die-gesundheit-1.jpg","contentUrl":"https:\/\/gesundheitsberatung.com\/gesundheit\/wp-content\/uploads\/sites\/4\/auswirkungen-von-laerm-auf-die-gesundheit-1.jpg","width":1024,"height":768,"caption":"Auswirkungen von L\u00e4rm auf die Gesundheit"},{"@type":"BreadcrumbList","@id":"https:\/\/gesundheitsberatung.com\/gesundheit\/gesundheit-im-alltag\/auswirkungen-von-laerm-auf-die-gesundheit\/#breadcrumb","itemListElement":[{"@type":"ListItem","position":1,"name":"Home","item":"https:\/\/gesundheitsberatung.com\/gesundheit\/"},{"@type":"ListItem","position":2,"name":"Gesundheit im Alltag","item":"https:\/\/gesundheitsberatung.com\/gesundheit\/magazin\/gesundheit-im-alltag\/"},{"@type":"ListItem","position":3,"name":"Auswirkungen von L\u00e4rm auf die Gesundheit"}]},{"@type":"WebSite","@id":"https:\/\/gesundheitsberatung.com\/gesundheit\/#website","url":"https:\/\/gesundheitsberatung.com\/gesundheit\/","name":"Gesundheit","description":"Gesundheit \u260e Beratung durch Gesundheitsberater! Jetzt Gratis-Beratung sichern: \u2714 \u00c4rzte \u2714 Well Aging Trainer \u2714 Heilpraktiker \u2714 Entspannungstherapeuten \u2714 Frauenheilkunde Berater bei Vistano Gesundheit.","potentialAction":[{"@type":"SearchAction","target":{"@type":"EntryPoint","urlTemplate":"https:\/\/gesundheitsberatung.com\/gesundheit\/?s={search_term_string}"},"query-input":{"@type":"PropertyValueSpecification","valueRequired":true,"valueName":"search_term_string"}}],"inLanguage":"de"},{"@type":"Person","@id":"https:\/\/gesundheitsberatung.com\/gesundheit\/#\/schema\/person\/ef95dd512e246837e5c8b258fef765bf","name":"Laura Behm","description":"Redakteurin bei Vistano Lebensberatung","sameAs":["http:\/\/www.vistano.com\/"]}]}},"_links":{"self":[{"href":"https:\/\/gesundheitsberatung.com\/gesundheit\/wp-json\/wp\/v2\/posts\/63582","targetHints":{"allow":["GET"]}}],"collection":[{"href":"https:\/\/gesundheitsberatung.com\/gesundheit\/wp-json\/wp\/v2\/posts"}],"about":[{"href":"https:\/\/gesundheitsberatung.com\/gesundheit\/wp-json\/wp\/v2\/types\/post"}],"author":[{"embeddable":true,"href":"https:\/\/gesundheitsberatung.com\/gesundheit\/wp-json\/wp\/v2\/users\/9"}],"replies":[{"embeddable":true,"href":"https:\/\/gesundheitsberatung.com\/gesundheit\/wp-json\/wp\/v2\/comments?post=63582"}],"version-history":[{"count":0,"href":"https:\/\/gesundheitsberatung.com\/gesundheit\/wp-json\/wp\/v2\/posts\/63582\/revisions"}],"wp:featuredmedia":[{"embeddable":true,"href":"https:\/\/gesundheitsberatung.com\/gesundheit\/wp-json\/wp\/v2\/media\/63755"}],"wp:attachment":[{"href":"https:\/\/gesundheitsberatung.com\/gesundheit\/wp-json\/wp\/v2\/media?parent=63582"}],"wp:term":[{"taxonomy":"category","embeddable":true,"href":"https:\/\/gesundheitsberatung.com\/gesundheit\/wp-json\/wp\/v2\/categories?post=63582"},{"taxonomy":"post_tag","embeddable":true,"href":"https:\/\/gesundheitsberatung.com\/gesundheit\/wp-json\/wp\/v2\/tags?post=63582"}],"curies":[{"name":"wp","href":"https:\/\/api.w.org\/{rel}","templated":true}]}}