{"id":63385,"date":"2016-11-29T22:47:15","date_gmt":"2016-11-29T21:47:15","guid":{"rendered":"https:\/\/gesundheitsberatung.com\/gesundheit\/?p=63385"},"modified":"2023-06-03T21:02:12","modified_gmt":"2023-06-03T19:02:12","slug":"die-beulenpest-kein-fall-fuer-das-geschichtsbuch","status":"publish","type":"post","link":"https:\/\/gesundheitsberatung.com\/gesundheit\/news-storys\/die-beulenpest-kein-fall-fuer-das-geschichtsbuch\/","title":{"rendered":"Die Beulenpest \u2013 kein Fall f\u00fcr das Geschichtsbuch"},"content":{"rendered":"<p>Eigentlich ist die <b>Beulenpest<\/b> ein Mythos aus Geschichtsb\u00fcchern, aber nun scheint die bakterielle Infektion wieder zur\u00fcck zu sein. Im Westen der Volksrepublik China gab es nun einen Todesfall durch die Beulenpest.<\/p>\n<p>Im Mittelalter l\u00f6ste Yersinia pestis, ein Bakterium, eine Katastrophe aus. In Europa fielen der Beulenpest ein Drittel der Menschen zum Opfer. Es gab die unglaubliche Todeszahl von 30 Millionen Menschen in einem Zeitraum von nur 5 Jahren. Im Zuge der weiteren Entwicklung in den Bereichen Medizin und Hygiene wurde die Pest besiegt. Auch konnte die \u00dcbertragung des Krankheitserregers gekl\u00e4rt werden.<\/p>\n<p>Die Krankheit wurde durch Fl\u00f6he und Nagetiere an den Menschen weitergegeben. Die Kontinente Australien und Europa sind heute von der Pest befreit. Allerdings gibt es auch Regionen, in denen immer wieder einzelne F\u00e4lle der Beulenpest bekannt werden. Afrika, Amerika und Asien z\u00e4hlen zu diesen Teilen der Welt. Der j\u00fcngste Todesfall ist wurde nun in China bekannt.<\/p>\n<h3>Die Beulenpest in China<\/h3>\n<p>In der Stadt Yumen, die sich im nordwestlichen Teil Chinas befindet, hat sich ein 38-j\u00e4hriger Mann mit dem Bakterium infiziert. Die Krankheit soll durch ein Murmeltier \u00fcbertragen worden sein. Der Mann hat das tote Tier an seinen Hund verf\u00fcttert. Es dauerte nicht lang, bis sich die typischen Symptome der Pest zeigten.<\/p>\n<p>Sehr hohes Fieber, geschwollene Lymphknoten in der Leistengegend, Schmerzen in Kopf und Gliedern und die charakteristischen Beulen in dunkler F\u00e4rbung, sind klare Erkennungszeichen der Krankheit. Letzte Woche fiel der Mann der Beulenpest zum Opfer. Im Krankenhaus konnte nichts mehr f\u00fcr ihn getan werden.<\/p>\n<h3>Eine rare Krankheit in der modernen Welt<\/h3>\n<p>Der h\u00e4ufigste \u00dcbertragungsweg der Beulenpest ist der \u00fcber Tiere. Die Ratte ist hier der \u00dcbertr\u00e4ger, der am meisten aktiv wird. Eine Form der Pest ist die Lungenpest. Hier handelt es sich um recht schwere Krankheitsf\u00e4lle, die zudem f\u00fcr andere hochgradig ansteckend sind. Niesen oder Husten reichen hier f\u00fcr eine Infektion. Die direkt \u00fcbertragene Lungenpest bleibt bei demjenigen, der sich infiziert hat auch die Lungenpest.<\/p>\n<p>Die dunklen Beulen entstehen in diesen F\u00e4llen nicht. Wird die Pest in der heutigen Zeit fr\u00fch genug erkannt, kommen sehr gute und effektive Behandlungsm\u00f6glichkeiten zur Anwendung. Wenn die Verteilung der Bakterien im K\u00f6rper zu weit vorangeschritten ist, gibt es allerdings keine Rettung mehr, dann der Erkrankte erleidet eine Blutvergiftung und stirbt dann an Organversagen. Wird die Pest nicht behandelt, so gibt es laut Weltgesundheitsorganisation f\u00fcr 30 \u2013 60 Prozent der Krankheitsf\u00e4lle keine Hoffnung. Der Tod ist die unvermeidliche Folge.<\/p>\n<p>&nbsp;<\/p>\n","protected":false},"excerpt":{"rendered":"<p>Eigentlich ist die Beulenpest ein Mythos aus Geschichtsb\u00fcchern, aber nun scheint die bakterielle Infektion wieder zur\u00fcck zu sein. Im Westen der Volksrepublik China gab es nun einen Todesfall durch die Beulenpest. Im Mittelalter l\u00f6ste Yersinia pestis, ein Bakterium, eine Katastrophe aus. In Europa fielen der Beulenpest ein Drittel der Menschen zum Opfer. Es gab die [&hellip;]<\/p>\n","protected":false},"author":9,"featured_media":63629,"comment_status":"closed","ping_status":"closed","sticky":false,"template":"","format":"standard","meta":{"footnotes":""},"categories":[1],"tags":[6662,6664,6663,6665],"class_list":["post-63385","post","type-post","status-publish","format-standard","has-post-thumbnail","hentry","category-news-storys","tag-beulenpest","tag-beulenpest-china","tag-beulenpest-uebertragung","tag-lungenpest"],"yoast_head":"<!-- This site is optimized with the Yoast SEO plugin v26.0 - https:\/\/yoast.com\/wordpress\/plugins\/seo\/ -->\n<title>Die Beulenpest \u2013 kein Fall f\u00fcr das Geschichtsbuch &#187; Gesundheit<\/title>\n<meta name=\"description\" content=\"Eigentlich ist die Beulenpest ein Mythos aus Geschichtsb\u00fcchern, aber nun scheint die bakterielle Infektion wieder zur\u00fcck zu sein. Im Westen der\" \/>\n<meta name=\"robots\" content=\"index, follow, max-snippet:-1, max-image-preview:large, max-video-preview:-1\" \/>\n<link rel=\"canonical\" href=\"https:\/\/gesundheitsberatung.com\/gesundheit\/news-storys\/die-beulenpest-kein-fall-fuer-das-geschichtsbuch\/\" \/>\n<meta property=\"og:locale\" content=\"de_DE\" \/>\n<meta property=\"og:type\" content=\"article\" \/>\n<meta property=\"og:title\" content=\"Die Beulenpest \u2013 kein Fall f\u00fcr das Geschichtsbuch &#187; Gesundheit\" \/>\n<meta property=\"og:description\" content=\"Eigentlich ist die Beulenpest ein Mythos aus Geschichtsb\u00fcchern, aber nun scheint die bakterielle Infektion wieder zur\u00fcck zu sein. Im Westen der\" \/>\n<meta property=\"og:url\" content=\"https:\/\/gesundheitsberatung.com\/gesundheit\/news-storys\/die-beulenpest-kein-fall-fuer-das-geschichtsbuch\/\" \/>\n<meta property=\"og:site_name\" content=\"Gesundheit\" \/>\n<meta property=\"article:publisher\" content=\"https:\/\/www.facebook.com\/gesundheitsberatung\/\" \/>\n<meta property=\"article:published_time\" content=\"2016-11-29T21:47:15+00:00\" \/>\n<meta property=\"article:modified_time\" content=\"2023-06-03T19:02:12+00:00\" \/>\n<meta property=\"og:image\" content=\"https:\/\/gesundheitsberatung.com\/gesundheit\/wp-content\/uploads\/sites\/4\/die-beulenpest.jpg\" \/>\n\t<meta property=\"og:image:width\" content=\"1024\" \/>\n\t<meta property=\"og:image:height\" content=\"683\" \/>\n\t<meta property=\"og:image:type\" content=\"image\/jpeg\" \/>\n<meta name=\"author\" content=\"Laura Behm\" \/>\n<meta name=\"twitter:card\" content=\"summary_large_image\" \/>\n<meta name=\"twitter:creator\" content=\"@Vistano\" \/>\n<meta name=\"twitter:site\" content=\"@Vistano\" \/>\n<script type=\"application\/ld+json\" class=\"yoast-schema-graph\">{\"@context\":\"https:\/\/schema.org\",\"@graph\":[{\"@type\":\"WebPage\",\"@id\":\"https:\/\/gesundheitsberatung.com\/gesundheit\/news-storys\/die-beulenpest-kein-fall-fuer-das-geschichtsbuch\/\",\"url\":\"https:\/\/gesundheitsberatung.com\/gesundheit\/news-storys\/die-beulenpest-kein-fall-fuer-das-geschichtsbuch\/\",\"name\":\"Die Beulenpest \u2013 kein Fall f\u00fcr das Geschichtsbuch &#187; Gesundheit\",\"isPartOf\":{\"@id\":\"https:\/\/gesundheitsberatung.com\/gesundheit\/#website\"},\"primaryImageOfPage\":{\"@id\":\"https:\/\/gesundheitsberatung.com\/gesundheit\/news-storys\/die-beulenpest-kein-fall-fuer-das-geschichtsbuch\/#primaryimage\"},\"image\":{\"@id\":\"https:\/\/gesundheitsberatung.com\/gesundheit\/news-storys\/die-beulenpest-kein-fall-fuer-das-geschichtsbuch\/#primaryimage\"},\"thumbnailUrl\":\"https:\/\/gesundheitsberatung.com\/gesundheit\/wp-content\/uploads\/sites\/4\/die-beulenpest.jpg\",\"datePublished\":\"2016-11-29T21:47:15+00:00\",\"dateModified\":\"2023-06-03T19:02:12+00:00\",\"author\":{\"@id\":\"https:\/\/gesundheitsberatung.com\/gesundheit\/#\/schema\/person\/ef95dd512e246837e5c8b258fef765bf\"},\"description\":\"Eigentlich ist die Beulenpest ein Mythos aus Geschichtsb\u00fcchern, aber nun scheint die bakterielle Infektion wieder zur\u00fcck zu sein. Im Westen der\",\"breadcrumb\":{\"@id\":\"https:\/\/gesundheitsberatung.com\/gesundheit\/news-storys\/die-beulenpest-kein-fall-fuer-das-geschichtsbuch\/#breadcrumb\"},\"inLanguage\":\"de\",\"potentialAction\":[{\"@type\":\"ReadAction\",\"target\":[\"https:\/\/gesundheitsberatung.com\/gesundheit\/news-storys\/die-beulenpest-kein-fall-fuer-das-geschichtsbuch\/\"]}]},{\"@type\":\"ImageObject\",\"inLanguage\":\"de\",\"@id\":\"https:\/\/gesundheitsberatung.com\/gesundheit\/news-storys\/die-beulenpest-kein-fall-fuer-das-geschichtsbuch\/#primaryimage\",\"url\":\"https:\/\/gesundheitsberatung.com\/gesundheit\/wp-content\/uploads\/sites\/4\/die-beulenpest.jpg\",\"contentUrl\":\"https:\/\/gesundheitsberatung.com\/gesundheit\/wp-content\/uploads\/sites\/4\/die-beulenpest.jpg\",\"width\":1024,\"height\":683,\"caption\":\"Die Beulenpest \u2013 kein Fall f\u00fcr das Geschichtsbuch\"},{\"@type\":\"BreadcrumbList\",\"@id\":\"https:\/\/gesundheitsberatung.com\/gesundheit\/news-storys\/die-beulenpest-kein-fall-fuer-das-geschichtsbuch\/#breadcrumb\",\"itemListElement\":[{\"@type\":\"ListItem\",\"position\":1,\"name\":\"Home\",\"item\":\"https:\/\/gesundheitsberatung.com\/gesundheit\/\"},{\"@type\":\"ListItem\",\"position\":2,\"name\":\"News &amp; Storys\",\"item\":\"https:\/\/gesundheitsberatung.com\/gesundheit\/magazin\/news-storys\/\"},{\"@type\":\"ListItem\",\"position\":3,\"name\":\"Die Beulenpest \u2013 kein Fall f\u00fcr das Geschichtsbuch\"}]},{\"@type\":\"WebSite\",\"@id\":\"https:\/\/gesundheitsberatung.com\/gesundheit\/#website\",\"url\":\"https:\/\/gesundheitsberatung.com\/gesundheit\/\",\"name\":\"Gesundheit\",\"description\":\"Gesundheit \u260e Beratung durch Gesundheitsberater! Jetzt Gratis-Beratung sichern: \u2714 \u00c4rzte \u2714 Well Aging Trainer \u2714 Heilpraktiker \u2714 Entspannungstherapeuten \u2714 Frauenheilkunde Berater bei Vistano Gesundheit.\",\"potentialAction\":[{\"@type\":\"SearchAction\",\"target\":{\"@type\":\"EntryPoint\",\"urlTemplate\":\"https:\/\/gesundheitsberatung.com\/gesundheit\/?s={search_term_string}\"},\"query-input\":{\"@type\":\"PropertyValueSpecification\",\"valueRequired\":true,\"valueName\":\"search_term_string\"}}],\"inLanguage\":\"de\"},{\"@type\":\"Person\",\"@id\":\"https:\/\/gesundheitsberatung.com\/gesundheit\/#\/schema\/person\/ef95dd512e246837e5c8b258fef765bf\",\"name\":\"Laura Behm\",\"description\":\"Redakteurin bei Vistano Lebensberatung\",\"sameAs\":[\"http:\/\/www.vistano.com\/\"]}]}<\/script>\n<!-- \/ Yoast SEO plugin. -->","yoast_head_json":{"title":"Die Beulenpest \u2013 kein Fall f\u00fcr das Geschichtsbuch &#187; Gesundheit","description":"Eigentlich ist die Beulenpest ein Mythos aus Geschichtsb\u00fcchern, aber nun scheint die bakterielle Infektion wieder zur\u00fcck zu sein. Im Westen der","robots":{"index":"index","follow":"follow","max-snippet":"max-snippet:-1","max-image-preview":"max-image-preview:large","max-video-preview":"max-video-preview:-1"},"canonical":"https:\/\/gesundheitsberatung.com\/gesundheit\/news-storys\/die-beulenpest-kein-fall-fuer-das-geschichtsbuch\/","og_locale":"de_DE","og_type":"article","og_title":"Die Beulenpest \u2013 kein Fall f\u00fcr das Geschichtsbuch &#187; Gesundheit","og_description":"Eigentlich ist die Beulenpest ein Mythos aus Geschichtsb\u00fcchern, aber nun scheint die bakterielle Infektion wieder zur\u00fcck zu sein. Im Westen der","og_url":"https:\/\/gesundheitsberatung.com\/gesundheit\/news-storys\/die-beulenpest-kein-fall-fuer-das-geschichtsbuch\/","og_site_name":"Gesundheit","article_publisher":"https:\/\/www.facebook.com\/gesundheitsberatung\/","article_published_time":"2016-11-29T21:47:15+00:00","article_modified_time":"2023-06-03T19:02:12+00:00","og_image":[{"width":1024,"height":683,"url":"https:\/\/gesundheitsberatung.com\/gesundheit\/wp-content\/uploads\/sites\/4\/die-beulenpest.jpg","type":"image\/jpeg"}],"author":"Laura Behm","twitter_card":"summary_large_image","twitter_creator":"@Vistano","twitter_site":"@Vistano","schema":{"@context":"https:\/\/schema.org","@graph":[{"@type":"WebPage","@id":"https:\/\/gesundheitsberatung.com\/gesundheit\/news-storys\/die-beulenpest-kein-fall-fuer-das-geschichtsbuch\/","url":"https:\/\/gesundheitsberatung.com\/gesundheit\/news-storys\/die-beulenpest-kein-fall-fuer-das-geschichtsbuch\/","name":"Die Beulenpest \u2013 kein Fall f\u00fcr das Geschichtsbuch &#187; Gesundheit","isPartOf":{"@id":"https:\/\/gesundheitsberatung.com\/gesundheit\/#website"},"primaryImageOfPage":{"@id":"https:\/\/gesundheitsberatung.com\/gesundheit\/news-storys\/die-beulenpest-kein-fall-fuer-das-geschichtsbuch\/#primaryimage"},"image":{"@id":"https:\/\/gesundheitsberatung.com\/gesundheit\/news-storys\/die-beulenpest-kein-fall-fuer-das-geschichtsbuch\/#primaryimage"},"thumbnailUrl":"https:\/\/gesundheitsberatung.com\/gesundheit\/wp-content\/uploads\/sites\/4\/die-beulenpest.jpg","datePublished":"2016-11-29T21:47:15+00:00","dateModified":"2023-06-03T19:02:12+00:00","author":{"@id":"https:\/\/gesundheitsberatung.com\/gesundheit\/#\/schema\/person\/ef95dd512e246837e5c8b258fef765bf"},"description":"Eigentlich ist die Beulenpest ein Mythos aus Geschichtsb\u00fcchern, aber nun scheint die bakterielle Infektion wieder zur\u00fcck zu sein. Im Westen der","breadcrumb":{"@id":"https:\/\/gesundheitsberatung.com\/gesundheit\/news-storys\/die-beulenpest-kein-fall-fuer-das-geschichtsbuch\/#breadcrumb"},"inLanguage":"de","potentialAction":[{"@type":"ReadAction","target":["https:\/\/gesundheitsberatung.com\/gesundheit\/news-storys\/die-beulenpest-kein-fall-fuer-das-geschichtsbuch\/"]}]},{"@type":"ImageObject","inLanguage":"de","@id":"https:\/\/gesundheitsberatung.com\/gesundheit\/news-storys\/die-beulenpest-kein-fall-fuer-das-geschichtsbuch\/#primaryimage","url":"https:\/\/gesundheitsberatung.com\/gesundheit\/wp-content\/uploads\/sites\/4\/die-beulenpest.jpg","contentUrl":"https:\/\/gesundheitsberatung.com\/gesundheit\/wp-content\/uploads\/sites\/4\/die-beulenpest.jpg","width":1024,"height":683,"caption":"Die Beulenpest \u2013 kein Fall f\u00fcr das Geschichtsbuch"},{"@type":"BreadcrumbList","@id":"https:\/\/gesundheitsberatung.com\/gesundheit\/news-storys\/die-beulenpest-kein-fall-fuer-das-geschichtsbuch\/#breadcrumb","itemListElement":[{"@type":"ListItem","position":1,"name":"Home","item":"https:\/\/gesundheitsberatung.com\/gesundheit\/"},{"@type":"ListItem","position":2,"name":"News &amp; Storys","item":"https:\/\/gesundheitsberatung.com\/gesundheit\/magazin\/news-storys\/"},{"@type":"ListItem","position":3,"name":"Die Beulenpest \u2013 kein Fall f\u00fcr das Geschichtsbuch"}]},{"@type":"WebSite","@id":"https:\/\/gesundheitsberatung.com\/gesundheit\/#website","url":"https:\/\/gesundheitsberatung.com\/gesundheit\/","name":"Gesundheit","description":"Gesundheit \u260e Beratung durch Gesundheitsberater! Jetzt Gratis-Beratung sichern: \u2714 \u00c4rzte \u2714 Well Aging Trainer \u2714 Heilpraktiker \u2714 Entspannungstherapeuten \u2714 Frauenheilkunde Berater bei Vistano Gesundheit.","potentialAction":[{"@type":"SearchAction","target":{"@type":"EntryPoint","urlTemplate":"https:\/\/gesundheitsberatung.com\/gesundheit\/?s={search_term_string}"},"query-input":{"@type":"PropertyValueSpecification","valueRequired":true,"valueName":"search_term_string"}}],"inLanguage":"de"},{"@type":"Person","@id":"https:\/\/gesundheitsberatung.com\/gesundheit\/#\/schema\/person\/ef95dd512e246837e5c8b258fef765bf","name":"Laura Behm","description":"Redakteurin bei Vistano Lebensberatung","sameAs":["http:\/\/www.vistano.com\/"]}]}},"_links":{"self":[{"href":"https:\/\/gesundheitsberatung.com\/gesundheit\/wp-json\/wp\/v2\/posts\/63385","targetHints":{"allow":["GET"]}}],"collection":[{"href":"https:\/\/gesundheitsberatung.com\/gesundheit\/wp-json\/wp\/v2\/posts"}],"about":[{"href":"https:\/\/gesundheitsberatung.com\/gesundheit\/wp-json\/wp\/v2\/types\/post"}],"author":[{"embeddable":true,"href":"https:\/\/gesundheitsberatung.com\/gesundheit\/wp-json\/wp\/v2\/users\/9"}],"replies":[{"embeddable":true,"href":"https:\/\/gesundheitsberatung.com\/gesundheit\/wp-json\/wp\/v2\/comments?post=63385"}],"version-history":[{"count":0,"href":"https:\/\/gesundheitsberatung.com\/gesundheit\/wp-json\/wp\/v2\/posts\/63385\/revisions"}],"wp:featuredmedia":[{"embeddable":true,"href":"https:\/\/gesundheitsberatung.com\/gesundheit\/wp-json\/wp\/v2\/media\/63629"}],"wp:attachment":[{"href":"https:\/\/gesundheitsberatung.com\/gesundheit\/wp-json\/wp\/v2\/media?parent=63385"}],"wp:term":[{"taxonomy":"category","embeddable":true,"href":"https:\/\/gesundheitsberatung.com\/gesundheit\/wp-json\/wp\/v2\/categories?post=63385"},{"taxonomy":"post_tag","embeddable":true,"href":"https:\/\/gesundheitsberatung.com\/gesundheit\/wp-json\/wp\/v2\/tags?post=63385"}],"curies":[{"name":"wp","href":"https:\/\/api.w.org\/{rel}","templated":true}]}}