{"id":63297,"date":"2016-11-29T22:52:35","date_gmt":"2016-11-29T21:52:35","guid":{"rendered":"https:\/\/gesundheitsberatung.com\/gesundheit\/?p=63297"},"modified":"2023-06-03T21:02:09","modified_gmt":"2023-06-03T19:02:09","slug":"erster-ebola-fall-ausserhalb-westafrikas-spanische-krankenschwester-infiziert","status":"publish","type":"post","link":"https:\/\/gesundheitsberatung.com\/gesundheit\/news-storys\/erster-ebola-fall-ausserhalb-westafrikas-spanische-krankenschwester-infiziert\/","title":{"rendered":"Erster Ebola-Fall au\u00dferhalb Westafrikas: spanische Krankenschwester infiziert"},"content":{"rendered":"<p>In der Nacht zum Dienstag kam der <b>erste Ebola-Fall in Europa<\/b> zu Tage: Eine spanische Krankenschwester, die zuvor an Ebola erkrankte Patienten gepflegt hatte, wurde umgehend in eine Madrider Spezialklinik eingeliefert. Zuvor hatten zwei Tests ein positives Resultat ergeben. Die Frau schwebe jedoch nicht in Lebensgefahr, wie ein Sprecher der Gesundheitsbeh\u00f6rden in Madrid mitteilte.<\/p>\n<p>Erste Anzeichen der Erkrankung hatte die Patientin laut der behandelnden \u00c4rzte am 30. September nach einem Urlaub gezeigt; mit hohem Fieber wurde sie in ein Hospital in Alcorc\u00f3n nahe Madrid eingeliefert. Die kinderlose Frau ist verheiratet, ihr Mann und eine weitere Pflegerin wurden bereits unter Quarant\u00e4ne gestellt. Zudem werde von den Beh\u00f6rden eine Liste mit allen Personen erstellt, mit dem die Patientin vor ihrer Einweisung Kontakt hatte. Zur Ansteckung mit dem t\u00f6dlichen Ebola-Virus kam es, nachdem die Krankenschwester in derselben Klinik, in der sie derzeit behandelt wird, zwei spanische Geistliche betreut hatte. Diese hatten sich zuvor in Sierra Leone infiziert.<\/p>\n<p>Die EU-Kommission reagierte bereits und forderte von der spanischen Regierung, potenzielle Schwachpunkte im Umgang mit dem Ebola-Virus aufzudecken. Bis jetzt ist unklar, wie es trotz der hohen Sicherheitsvorkehrungen zur Infektion der Krankenschwester kommen konnte. Erste Ergebnisse der Ermittlungen des spanischen Gesundheitsministeriums werden in den kommenden Tagen erwartet. S\u00e4mtliche EU-Staaten wurden bereits vor diesem Fall angehalten, entsprechende Sicherheitsma\u00dfnahmen zu ergreifen, die eine Ausbreitung von Ebola auf dem europ\u00e4ischen Kontinent verhindern.<\/p>\n<h3>\u00c4rztegewerkschaft kritisiert Sicherheitsma\u00dfnahmen<\/h3>\n<p>Die vom Gesundheitsministerium getroffene Entscheidung, die beiden in Sierra Leone t\u00e4tig gewesenen Missionare zur Behandlung in Spanien einfliegen zu lassen, war bereits vorab von der \u00c4rztegewerkschaft kritisiert worden; Infolge von Sparma\u00dfnahmen k\u00f6nne nicht f\u00fcr eine ausreichende Sicherheit gesorgt werden, teilte ein Sprecher den Medien mit. Auch im betreffenden Hospital selbst wurden kritische Stimmen laut. So zitiert die Zeitung \u201eEl Pa\u00eds\u201c einen Mitarbeiter der Klinik Carlos\u00a0<span class=\"caps\">III,\u00a0<\/span>die Schutzanz\u00fcge w\u00fcrden nicht den n\u00f6tigen Sicherheitsstandards gen\u00fcgen. Dies wies die Vizedirektorin der Klinik jedoch zur\u00fcck: Alle Sicherheitsbestimmungen, die von der Weltgesundheitsorganisation (WHO) empfohlen werden, w\u00fcrden eingehalten werden. Dieser Aussage wiederum widersprechen von \u201eEl Pa\u00eds\u201c ver\u00f6ffentlichte Bilder, die eine eher provisorische Zusammenstellung der Schutzkleidung zeigen.<\/p>\n<p>Doch auch wenn die genaue Ursache der Infektion noch unklar ist, eines ist deutlich geworden: Die Ansteckungsgefahr f\u00fcr medizinisches Personal mag zwar gering sein, sollte jedoch nicht untersch\u00e4tzt werden. Umso wichtiger ist es, diejenigen Personen, die mit der Krankenschwester in Kontakt waren, schnellstm\u00f6glich ausfindig zu machen. Die Inkubationszeit von Ebola betr\u00e4gt maximal 21 Tage. F\u00fcr diesen Zeitraum m\u00fcssen die Kontaktpersonen in Quarant\u00e4ne gestellt werden. Derzeit umfasst die von den Gesundheitsbeh\u00f6rden erstellte Liste 52 Menschen; dazu geh\u00f6ren 30 \u00c4rzte und Pfleger sowie weitere 22 private Kontakte, die unter Beobachtung stehen.<\/p>\n<p>Auch in Deutschland befindet sich derzeit ein Ebola-Patient in Behandlung. Der aus Uganda stammende Arzt war f\u00fcr eine italienische Hilfsorganisation in Sierra Leone im Einsatz und befindet seit vergangenem Freitag in der Isolierstation der Uni-Klinik Frankfurt. Nach Angaben des behandelnden Arztes sei sein Zustand zwar ernst, aber stabil. Trotz der j\u00fcngsten Vorkommnisse in Madrid sehe man keinen Grund, die bisher getroffenen Sicherheitsma\u00dfnahmen zu ver\u00e4ndern; bisherige Untersuchungen brachten keinerlei Sicherheitsl\u00fccken zutage. Dennoch wird die Entwicklung im Fall der infizierten spanischen Krankenschwester von Experten in Deutschland aufmerksam verfolgt.<\/p>\n<p>&nbsp;<\/p>\n","protected":false},"excerpt":{"rendered":"<p>In der Nacht zum Dienstag kam der erste Ebola-Fall in Europa zu Tage: Eine spanische Krankenschwester, die zuvor an Ebola erkrankte Patienten gepflegt hatte, wurde umgehend in eine Madrider Spezialklinik eingeliefert. Zuvor hatten zwei Tests ein positives Resultat ergeben. Die Frau schwebe jedoch nicht in Lebensgefahr, wie ein Sprecher der Gesundheitsbeh\u00f6rden in Madrid mitteilte. Erste [&hellip;]<\/p>\n","protected":false},"author":9,"featured_media":63639,"comment_status":"closed","ping_status":"closed","sticky":false,"template":"","format":"standard","meta":{"footnotes":""},"categories":[1],"tags":[4960,6623,6624,6625,6626],"class_list":["post-63297","post","type-post","status-publish","format-standard","has-post-thumbnail","hentry","category-news-storys","tag-ebola","tag-ebola-ansteckung","tag-ebola-fall-europa","tag-ebola-infektionen","tag-ebola-sicherheitsmassnahmen"],"yoast_head":"<!-- This site is optimized with the Yoast SEO plugin v26.0 - https:\/\/yoast.com\/wordpress\/plugins\/seo\/ -->\n<title>Erster Ebola-Fall au\u00dferhalb Westafrikas: spanische Krankenschwester infiziert &#187; Gesundheit<\/title>\n<meta name=\"description\" content=\"In der Nacht zum Dienstag kam der erste Ebola-Fall in Europa zu Tage: Eine spanische Krankenschwester, die zuvor an Ebola erkrankte Patienten gepflegt\" \/>\n<meta name=\"robots\" content=\"index, follow, max-snippet:-1, max-image-preview:large, max-video-preview:-1\" \/>\n<link rel=\"canonical\" href=\"https:\/\/gesundheitsberatung.com\/gesundheit\/news-storys\/erster-ebola-fall-ausserhalb-westafrikas-spanische-krankenschwester-infiziert\/\" \/>\n<meta property=\"og:locale\" content=\"de_DE\" \/>\n<meta property=\"og:type\" content=\"article\" \/>\n<meta property=\"og:title\" content=\"Erster Ebola-Fall au\u00dferhalb Westafrikas: spanische Krankenschwester infiziert &#187; Gesundheit\" \/>\n<meta property=\"og:description\" content=\"In der Nacht zum Dienstag kam der erste Ebola-Fall in Europa zu Tage: Eine spanische Krankenschwester, die zuvor an Ebola erkrankte Patienten gepflegt\" \/>\n<meta property=\"og:url\" content=\"https:\/\/gesundheitsberatung.com\/gesundheit\/news-storys\/erster-ebola-fall-ausserhalb-westafrikas-spanische-krankenschwester-infiziert\/\" \/>\n<meta property=\"og:site_name\" content=\"Gesundheit\" \/>\n<meta property=\"article:publisher\" content=\"https:\/\/www.facebook.com\/gesundheitsberatung\/\" \/>\n<meta property=\"article:published_time\" content=\"2016-11-29T21:52:35+00:00\" \/>\n<meta property=\"article:modified_time\" content=\"2023-06-03T19:02:09+00:00\" \/>\n<meta property=\"og:image\" content=\"https:\/\/gesundheitsberatung.com\/gesundheit\/wp-content\/uploads\/sites\/4\/erster-ebola-fall-ausserhalb-westafrikas.jpg\" \/>\n\t<meta property=\"og:image:width\" content=\"1024\" \/>\n\t<meta property=\"og:image:height\" content=\"700\" \/>\n\t<meta property=\"og:image:type\" content=\"image\/jpeg\" \/>\n<meta name=\"author\" content=\"Laura Behm\" \/>\n<meta name=\"twitter:card\" content=\"summary_large_image\" \/>\n<meta name=\"twitter:creator\" content=\"@Vistano\" \/>\n<meta name=\"twitter:site\" content=\"@Vistano\" \/>\n<script type=\"application\/ld+json\" class=\"yoast-schema-graph\">{\"@context\":\"https:\/\/schema.org\",\"@graph\":[{\"@type\":\"WebPage\",\"@id\":\"https:\/\/gesundheitsberatung.com\/gesundheit\/news-storys\/erster-ebola-fall-ausserhalb-westafrikas-spanische-krankenschwester-infiziert\/\",\"url\":\"https:\/\/gesundheitsberatung.com\/gesundheit\/news-storys\/erster-ebola-fall-ausserhalb-westafrikas-spanische-krankenschwester-infiziert\/\",\"name\":\"Erster Ebola-Fall au\u00dferhalb Westafrikas: spanische Krankenschwester infiziert &#187; Gesundheit\",\"isPartOf\":{\"@id\":\"https:\/\/gesundheitsberatung.com\/gesundheit\/#website\"},\"primaryImageOfPage\":{\"@id\":\"https:\/\/gesundheitsberatung.com\/gesundheit\/news-storys\/erster-ebola-fall-ausserhalb-westafrikas-spanische-krankenschwester-infiziert\/#primaryimage\"},\"image\":{\"@id\":\"https:\/\/gesundheitsberatung.com\/gesundheit\/news-storys\/erster-ebola-fall-ausserhalb-westafrikas-spanische-krankenschwester-infiziert\/#primaryimage\"},\"thumbnailUrl\":\"https:\/\/gesundheitsberatung.com\/gesundheit\/wp-content\/uploads\/sites\/4\/erster-ebola-fall-ausserhalb-westafrikas.jpg\",\"datePublished\":\"2016-11-29T21:52:35+00:00\",\"dateModified\":\"2023-06-03T19:02:09+00:00\",\"author\":{\"@id\":\"https:\/\/gesundheitsberatung.com\/gesundheit\/#\/schema\/person\/ef95dd512e246837e5c8b258fef765bf\"},\"description\":\"In der Nacht zum Dienstag kam der erste Ebola-Fall in Europa zu Tage: Eine spanische Krankenschwester, die zuvor an Ebola erkrankte Patienten gepflegt\",\"breadcrumb\":{\"@id\":\"https:\/\/gesundheitsberatung.com\/gesundheit\/news-storys\/erster-ebola-fall-ausserhalb-westafrikas-spanische-krankenschwester-infiziert\/#breadcrumb\"},\"inLanguage\":\"de\",\"potentialAction\":[{\"@type\":\"ReadAction\",\"target\":[\"https:\/\/gesundheitsberatung.com\/gesundheit\/news-storys\/erster-ebola-fall-ausserhalb-westafrikas-spanische-krankenschwester-infiziert\/\"]}]},{\"@type\":\"ImageObject\",\"inLanguage\":\"de\",\"@id\":\"https:\/\/gesundheitsberatung.com\/gesundheit\/news-storys\/erster-ebola-fall-ausserhalb-westafrikas-spanische-krankenschwester-infiziert\/#primaryimage\",\"url\":\"https:\/\/gesundheitsberatung.com\/gesundheit\/wp-content\/uploads\/sites\/4\/erster-ebola-fall-ausserhalb-westafrikas.jpg\",\"contentUrl\":\"https:\/\/gesundheitsberatung.com\/gesundheit\/wp-content\/uploads\/sites\/4\/erster-ebola-fall-ausserhalb-westafrikas.jpg\",\"width\":1024,\"height\":700,\"caption\":\"Erster Ebola-Fall au\u00dferhalb Westafrikas: spanische Krankenschwester infiziert\"},{\"@type\":\"BreadcrumbList\",\"@id\":\"https:\/\/gesundheitsberatung.com\/gesundheit\/news-storys\/erster-ebola-fall-ausserhalb-westafrikas-spanische-krankenschwester-infiziert\/#breadcrumb\",\"itemListElement\":[{\"@type\":\"ListItem\",\"position\":1,\"name\":\"Home\",\"item\":\"https:\/\/gesundheitsberatung.com\/gesundheit\/\"},{\"@type\":\"ListItem\",\"position\":2,\"name\":\"News &amp; Storys\",\"item\":\"https:\/\/gesundheitsberatung.com\/gesundheit\/magazin\/news-storys\/\"},{\"@type\":\"ListItem\",\"position\":3,\"name\":\"Erster Ebola-Fall au\u00dferhalb Westafrikas: spanische Krankenschwester infiziert\"}]},{\"@type\":\"WebSite\",\"@id\":\"https:\/\/gesundheitsberatung.com\/gesundheit\/#website\",\"url\":\"https:\/\/gesundheitsberatung.com\/gesundheit\/\",\"name\":\"Gesundheit\",\"description\":\"Gesundheit \u260e Beratung durch Gesundheitsberater! Jetzt Gratis-Beratung sichern: \u2714 \u00c4rzte \u2714 Well Aging Trainer \u2714 Heilpraktiker \u2714 Entspannungstherapeuten \u2714 Frauenheilkunde Berater bei Vistano Gesundheit.\",\"potentialAction\":[{\"@type\":\"SearchAction\",\"target\":{\"@type\":\"EntryPoint\",\"urlTemplate\":\"https:\/\/gesundheitsberatung.com\/gesundheit\/?s={search_term_string}\"},\"query-input\":{\"@type\":\"PropertyValueSpecification\",\"valueRequired\":true,\"valueName\":\"search_term_string\"}}],\"inLanguage\":\"de\"},{\"@type\":\"Person\",\"@id\":\"https:\/\/gesundheitsberatung.com\/gesundheit\/#\/schema\/person\/ef95dd512e246837e5c8b258fef765bf\",\"name\":\"Laura Behm\",\"description\":\"Redakteurin bei Vistano Lebensberatung\",\"sameAs\":[\"http:\/\/www.vistano.com\/\"]}]}<\/script>\n<!-- \/ Yoast SEO plugin. -->","yoast_head_json":{"title":"Erster Ebola-Fall au\u00dferhalb Westafrikas: spanische Krankenschwester infiziert &#187; Gesundheit","description":"In der Nacht zum Dienstag kam der erste Ebola-Fall in Europa zu Tage: Eine spanische Krankenschwester, die zuvor an Ebola erkrankte Patienten gepflegt","robots":{"index":"index","follow":"follow","max-snippet":"max-snippet:-1","max-image-preview":"max-image-preview:large","max-video-preview":"max-video-preview:-1"},"canonical":"https:\/\/gesundheitsberatung.com\/gesundheit\/news-storys\/erster-ebola-fall-ausserhalb-westafrikas-spanische-krankenschwester-infiziert\/","og_locale":"de_DE","og_type":"article","og_title":"Erster Ebola-Fall au\u00dferhalb Westafrikas: spanische Krankenschwester infiziert &#187; Gesundheit","og_description":"In der Nacht zum Dienstag kam der erste Ebola-Fall in Europa zu Tage: Eine spanische Krankenschwester, die zuvor an Ebola erkrankte Patienten gepflegt","og_url":"https:\/\/gesundheitsberatung.com\/gesundheit\/news-storys\/erster-ebola-fall-ausserhalb-westafrikas-spanische-krankenschwester-infiziert\/","og_site_name":"Gesundheit","article_publisher":"https:\/\/www.facebook.com\/gesundheitsberatung\/","article_published_time":"2016-11-29T21:52:35+00:00","article_modified_time":"2023-06-03T19:02:09+00:00","og_image":[{"width":1024,"height":700,"url":"https:\/\/gesundheitsberatung.com\/gesundheit\/wp-content\/uploads\/sites\/4\/erster-ebola-fall-ausserhalb-westafrikas.jpg","type":"image\/jpeg"}],"author":"Laura Behm","twitter_card":"summary_large_image","twitter_creator":"@Vistano","twitter_site":"@Vistano","schema":{"@context":"https:\/\/schema.org","@graph":[{"@type":"WebPage","@id":"https:\/\/gesundheitsberatung.com\/gesundheit\/news-storys\/erster-ebola-fall-ausserhalb-westafrikas-spanische-krankenschwester-infiziert\/","url":"https:\/\/gesundheitsberatung.com\/gesundheit\/news-storys\/erster-ebola-fall-ausserhalb-westafrikas-spanische-krankenschwester-infiziert\/","name":"Erster Ebola-Fall au\u00dferhalb Westafrikas: spanische Krankenschwester infiziert &#187; Gesundheit","isPartOf":{"@id":"https:\/\/gesundheitsberatung.com\/gesundheit\/#website"},"primaryImageOfPage":{"@id":"https:\/\/gesundheitsberatung.com\/gesundheit\/news-storys\/erster-ebola-fall-ausserhalb-westafrikas-spanische-krankenschwester-infiziert\/#primaryimage"},"image":{"@id":"https:\/\/gesundheitsberatung.com\/gesundheit\/news-storys\/erster-ebola-fall-ausserhalb-westafrikas-spanische-krankenschwester-infiziert\/#primaryimage"},"thumbnailUrl":"https:\/\/gesundheitsberatung.com\/gesundheit\/wp-content\/uploads\/sites\/4\/erster-ebola-fall-ausserhalb-westafrikas.jpg","datePublished":"2016-11-29T21:52:35+00:00","dateModified":"2023-06-03T19:02:09+00:00","author":{"@id":"https:\/\/gesundheitsberatung.com\/gesundheit\/#\/schema\/person\/ef95dd512e246837e5c8b258fef765bf"},"description":"In der Nacht zum Dienstag kam der erste Ebola-Fall in Europa zu Tage: Eine spanische Krankenschwester, die zuvor an Ebola erkrankte Patienten gepflegt","breadcrumb":{"@id":"https:\/\/gesundheitsberatung.com\/gesundheit\/news-storys\/erster-ebola-fall-ausserhalb-westafrikas-spanische-krankenschwester-infiziert\/#breadcrumb"},"inLanguage":"de","potentialAction":[{"@type":"ReadAction","target":["https:\/\/gesundheitsberatung.com\/gesundheit\/news-storys\/erster-ebola-fall-ausserhalb-westafrikas-spanische-krankenschwester-infiziert\/"]}]},{"@type":"ImageObject","inLanguage":"de","@id":"https:\/\/gesundheitsberatung.com\/gesundheit\/news-storys\/erster-ebola-fall-ausserhalb-westafrikas-spanische-krankenschwester-infiziert\/#primaryimage","url":"https:\/\/gesundheitsberatung.com\/gesundheit\/wp-content\/uploads\/sites\/4\/erster-ebola-fall-ausserhalb-westafrikas.jpg","contentUrl":"https:\/\/gesundheitsberatung.com\/gesundheit\/wp-content\/uploads\/sites\/4\/erster-ebola-fall-ausserhalb-westafrikas.jpg","width":1024,"height":700,"caption":"Erster Ebola-Fall au\u00dferhalb Westafrikas: spanische Krankenschwester infiziert"},{"@type":"BreadcrumbList","@id":"https:\/\/gesundheitsberatung.com\/gesundheit\/news-storys\/erster-ebola-fall-ausserhalb-westafrikas-spanische-krankenschwester-infiziert\/#breadcrumb","itemListElement":[{"@type":"ListItem","position":1,"name":"Home","item":"https:\/\/gesundheitsberatung.com\/gesundheit\/"},{"@type":"ListItem","position":2,"name":"News &amp; Storys","item":"https:\/\/gesundheitsberatung.com\/gesundheit\/magazin\/news-storys\/"},{"@type":"ListItem","position":3,"name":"Erster Ebola-Fall au\u00dferhalb Westafrikas: spanische Krankenschwester infiziert"}]},{"@type":"WebSite","@id":"https:\/\/gesundheitsberatung.com\/gesundheit\/#website","url":"https:\/\/gesundheitsberatung.com\/gesundheit\/","name":"Gesundheit","description":"Gesundheit \u260e Beratung durch Gesundheitsberater! Jetzt Gratis-Beratung sichern: \u2714 \u00c4rzte \u2714 Well Aging Trainer \u2714 Heilpraktiker \u2714 Entspannungstherapeuten \u2714 Frauenheilkunde Berater bei Vistano Gesundheit.","potentialAction":[{"@type":"SearchAction","target":{"@type":"EntryPoint","urlTemplate":"https:\/\/gesundheitsberatung.com\/gesundheit\/?s={search_term_string}"},"query-input":{"@type":"PropertyValueSpecification","valueRequired":true,"valueName":"search_term_string"}}],"inLanguage":"de"},{"@type":"Person","@id":"https:\/\/gesundheitsberatung.com\/gesundheit\/#\/schema\/person\/ef95dd512e246837e5c8b258fef765bf","name":"Laura Behm","description":"Redakteurin bei Vistano Lebensberatung","sameAs":["http:\/\/www.vistano.com\/"]}]}},"_links":{"self":[{"href":"https:\/\/gesundheitsberatung.com\/gesundheit\/wp-json\/wp\/v2\/posts\/63297","targetHints":{"allow":["GET"]}}],"collection":[{"href":"https:\/\/gesundheitsberatung.com\/gesundheit\/wp-json\/wp\/v2\/posts"}],"about":[{"href":"https:\/\/gesundheitsberatung.com\/gesundheit\/wp-json\/wp\/v2\/types\/post"}],"author":[{"embeddable":true,"href":"https:\/\/gesundheitsberatung.com\/gesundheit\/wp-json\/wp\/v2\/users\/9"}],"replies":[{"embeddable":true,"href":"https:\/\/gesundheitsberatung.com\/gesundheit\/wp-json\/wp\/v2\/comments?post=63297"}],"version-history":[{"count":0,"href":"https:\/\/gesundheitsberatung.com\/gesundheit\/wp-json\/wp\/v2\/posts\/63297\/revisions"}],"wp:featuredmedia":[{"embeddable":true,"href":"https:\/\/gesundheitsberatung.com\/gesundheit\/wp-json\/wp\/v2\/media\/63639"}],"wp:attachment":[{"href":"https:\/\/gesundheitsberatung.com\/gesundheit\/wp-json\/wp\/v2\/media?parent=63297"}],"wp:term":[{"taxonomy":"category","embeddable":true,"href":"https:\/\/gesundheitsberatung.com\/gesundheit\/wp-json\/wp\/v2\/categories?post=63297"},{"taxonomy":"post_tag","embeddable":true,"href":"https:\/\/gesundheitsberatung.com\/gesundheit\/wp-json\/wp\/v2\/tags?post=63297"}],"curies":[{"name":"wp","href":"https:\/\/api.w.org\/{rel}","templated":true}]}}