{"id":51979,"date":"2016-11-25T14:58:21","date_gmt":"2016-11-25T13:58:21","guid":{"rendered":"https:\/\/gesundheitsberatung.com\/gesundheit\/?p=51979"},"modified":"2023-06-03T21:02:31","modified_gmt":"2023-06-03T19:02:31","slug":"mit-low-carb-gegen-migraene","status":"publish","type":"post","link":"https:\/\/gesundheitsberatung.com\/gesundheit\/ernaehrung\/mit-low-carb-gegen-migraene\/","title":{"rendered":"Mit Low-Carb gegen Migr\u00e4ne?"},"content":{"rendered":"<p>Von <b>Migr\u00e4ne<\/b> geplagte Menschen werden durch ihre Beschwerden massiv in ihrem Alltag beeintr\u00e4chtigt. Doch die richtige Ern\u00e4hrung k\u00f6nnte hierbei wahre Wunder wirken. Forscher fanden nun heraus, dass eine <b>Low-Carb-Di\u00e4t<\/b> die Symptome von Migr\u00e4ne lindern k\u00f6nnte.<\/p>\n<h3>Ohne Kohlenhydrate vs. ohne Kalorien<\/h3>\n<p>Ein Forscherteam um Cherubino di Lorenzo stellte an der Universit\u00e4t Rom eine Studie zu diesem Thema an. Etwa 100 Frauen, welche allesamt an \u00dcbergewicht und immer wieder kehrender Migr\u00e4ne litten, wurden als Testpersonen eingeladen. Die eine H\u00e4lfte der Teilnehmerinnen sollte sich ein halbes Jahr lang kalorienarm ern\u00e4hren. Die Vergleichsgruppe hingegen machte im ersten Monat der Erhebungen eine kohlenhydratarme, sogenannte Low-Carb-Di\u00e4t und die restlichen f\u00fcnf Monate folgte wiederum die kalorienarme Ern\u00e4hrung.<\/p>\n<h3>Linderung durch ketogene Ern\u00e4hrung<\/h3>\n<p>Im Verlauf einer Low-Carb-Di\u00e4t greift unser K\u00f6rper auf das aufgenommene Fett zur\u00fcck, da nicht gen\u00fcgend Kohlenhydrate vorhanden sind. Bei diesem Prozess wird Ketonk\u00f6rper produziert, aus diesem Grund spricht man hier auch von einer ketogenen Ern\u00e4hrung. Zwei Patienten, die unter Migr\u00e4ne litten, hatten im Vorfeld der Studie angegeben, dass ihre Beschwerden w\u00e4hrend der Phase der Low-Carb-Di\u00e4t deutlich zur\u00fcckgingen, jedoch direkt nach der Umstellung auf die herk\u00f6mmliche kalorienarme Di\u00e4t wiederkehrten. Und auch di Lorenzo und sein Forscherteam konnten beobachten, dass ein R\u00fcckgang der Migr\u00e4ne ganz besonders bei der Low-Carb-Gruppe zu verzeichnen war.<\/p>\n<h3>Hoffnungsvolle Aussichten trotz weniger Belege<\/h3>\n<p>Aus welchem Grund eine ketogene Di\u00e4t bei Migr\u00e4ne Linderung verschaffen kann, bleibt noch zu erforschen. In jedem Fall bewirkt eine solche Ern\u00e4hrung, dass der K\u00f6rper besser mit seinen Ressourcen haushalten kann. Auch Entz\u00fcndungen, die zu Migr\u00e4neanf\u00e4llen f\u00fchren k\u00f6nnen, werden durch diese Di\u00e4t meist einged\u00e4mmt. Leider kann es besonders in der Anfangsphase einer Low-Carb-Di\u00e4t zu Erm\u00fcdung, \u00dcbelkeit und Mundgeruch kommen. Der gro\u00dfe Vorteil einer solchen Ern\u00e4hrungsumstellung scheint jedoch darin zu liegen, dass Stoffwechselschwankungen somit weitgehend vorgebeugt werden k\u00f6nnen, die mittlerweile in der Medizin als Hauptursachen f\u00fcr Migr\u00e4neerkrankungen gelten. Daher l\u00e4sst diese neueste Entwicklung durchaus hoffen und k\u00f6nnte zahlreichen Migr\u00e4nepatienten eine neue Therapiem\u00f6glichkeit an die Hand geben.<\/p>\n<p>&nbsp;<\/p>\n","protected":false},"excerpt":{"rendered":"<p>Von Migr\u00e4ne geplagte Menschen werden durch ihre Beschwerden massiv in ihrem Alltag beeintr\u00e4chtigt. Doch die richtige Ern\u00e4hrung k\u00f6nnte hierbei wahre Wunder wirken. Forscher fanden nun heraus, dass eine Low-Carb-Di\u00e4t die Symptome von Migr\u00e4ne lindern k\u00f6nnte. Ohne Kohlenhydrate vs. ohne Kalorien Ein Forscherteam um Cherubino di Lorenzo stellte an der Universit\u00e4t Rom eine Studie zu diesem [&hellip;]<\/p>\n","protected":false},"author":9,"featured_media":60203,"comment_status":"closed","ping_status":"closed","sticky":false,"template":"","format":"standard","meta":{"footnotes":""},"categories":[6145],"tags":[6569,262,6570,6571,6572],"class_list":["post-51979","post","type-post","status-publish","format-standard","has-post-thumbnail","hentry","category-ernaehrung","tag-low-carb-diaet","tag-migraene","tag-migraene-ketogene-diaet","tag-migraene-low-carb","tag-migraene-symptome-lindern"],"yoast_head":"<!-- This site is optimized with the Yoast SEO plugin v26.0 - https:\/\/yoast.com\/wordpress\/plugins\/seo\/ -->\n<title>Mit Low-Carb gegen Migr\u00e4ne? &#187; Gesundheit<\/title>\n<meta name=\"description\" content=\"Von Migr\u00e4ne geplagte Menschen werden durch ihre Beschwerden massiv in ihrem Alltag beeintr\u00e4chtigt. Doch die richtige Ern\u00e4hrung k\u00f6nnte hierbei wahre Wunder\" \/>\n<meta name=\"robots\" content=\"index, follow, max-snippet:-1, max-image-preview:large, max-video-preview:-1\" \/>\n<link rel=\"canonical\" href=\"https:\/\/gesundheitsberatung.com\/gesundheit\/ernaehrung\/mit-low-carb-gegen-migraene\/\" \/>\n<meta property=\"og:locale\" content=\"de_DE\" \/>\n<meta property=\"og:type\" content=\"article\" \/>\n<meta property=\"og:title\" content=\"Mit Low-Carb gegen Migr\u00e4ne? &#187; Gesundheit\" \/>\n<meta property=\"og:description\" content=\"Von Migr\u00e4ne geplagte Menschen werden durch ihre Beschwerden massiv in ihrem Alltag beeintr\u00e4chtigt. Doch die richtige Ern\u00e4hrung k\u00f6nnte hierbei wahre Wunder\" \/>\n<meta property=\"og:url\" content=\"https:\/\/gesundheitsberatung.com\/gesundheit\/ernaehrung\/mit-low-carb-gegen-migraene\/\" \/>\n<meta property=\"og:site_name\" content=\"Gesundheit\" \/>\n<meta property=\"article:publisher\" content=\"https:\/\/www.facebook.com\/gesundheitsberatung\/\" \/>\n<meta property=\"article:published_time\" content=\"2016-11-25T13:58:21+00:00\" \/>\n<meta property=\"article:modified_time\" content=\"2023-06-03T19:02:31+00:00\" \/>\n<meta property=\"og:image\" content=\"https:\/\/gesundheitsberatung.com\/gesundheit\/wp-content\/uploads\/sites\/4\/low-carb_migraene.jpg\" \/>\n\t<meta property=\"og:image:width\" content=\"1024\" \/>\n\t<meta property=\"og:image:height\" content=\"683\" \/>\n\t<meta property=\"og:image:type\" content=\"image\/jpeg\" \/>\n<meta name=\"author\" content=\"Laura Behm\" \/>\n<meta name=\"twitter:card\" content=\"summary_large_image\" \/>\n<meta name=\"twitter:creator\" content=\"@Vistano\" \/>\n<meta name=\"twitter:site\" content=\"@Vistano\" \/>\n<script type=\"application\/ld+json\" class=\"yoast-schema-graph\">{\"@context\":\"https:\/\/schema.org\",\"@graph\":[{\"@type\":\"WebPage\",\"@id\":\"https:\/\/gesundheitsberatung.com\/gesundheit\/ernaehrung\/mit-low-carb-gegen-migraene\/\",\"url\":\"https:\/\/gesundheitsberatung.com\/gesundheit\/ernaehrung\/mit-low-carb-gegen-migraene\/\",\"name\":\"Mit Low-Carb gegen Migr\u00e4ne? &#187; Gesundheit\",\"isPartOf\":{\"@id\":\"https:\/\/gesundheitsberatung.com\/gesundheit\/#website\"},\"primaryImageOfPage\":{\"@id\":\"https:\/\/gesundheitsberatung.com\/gesundheit\/ernaehrung\/mit-low-carb-gegen-migraene\/#primaryimage\"},\"image\":{\"@id\":\"https:\/\/gesundheitsberatung.com\/gesundheit\/ernaehrung\/mit-low-carb-gegen-migraene\/#primaryimage\"},\"thumbnailUrl\":\"https:\/\/gesundheitsberatung.com\/gesundheit\/wp-content\/uploads\/sites\/4\/low-carb_migraene.jpg\",\"datePublished\":\"2016-11-25T13:58:21+00:00\",\"dateModified\":\"2023-06-03T19:02:31+00:00\",\"author\":{\"@id\":\"https:\/\/gesundheitsberatung.com\/gesundheit\/#\/schema\/person\/ef95dd512e246837e5c8b258fef765bf\"},\"description\":\"Von Migr\u00e4ne geplagte Menschen werden durch ihre Beschwerden massiv in ihrem Alltag beeintr\u00e4chtigt. Doch die richtige Ern\u00e4hrung k\u00f6nnte hierbei wahre Wunder\",\"breadcrumb\":{\"@id\":\"https:\/\/gesundheitsberatung.com\/gesundheit\/ernaehrung\/mit-low-carb-gegen-migraene\/#breadcrumb\"},\"inLanguage\":\"de\",\"potentialAction\":[{\"@type\":\"ReadAction\",\"target\":[\"https:\/\/gesundheitsberatung.com\/gesundheit\/ernaehrung\/mit-low-carb-gegen-migraene\/\"]}]},{\"@type\":\"ImageObject\",\"inLanguage\":\"de\",\"@id\":\"https:\/\/gesundheitsberatung.com\/gesundheit\/ernaehrung\/mit-low-carb-gegen-migraene\/#primaryimage\",\"url\":\"https:\/\/gesundheitsberatung.com\/gesundheit\/wp-content\/uploads\/sites\/4\/low-carb_migraene.jpg\",\"contentUrl\":\"https:\/\/gesundheitsberatung.com\/gesundheit\/wp-content\/uploads\/sites\/4\/low-carb_migraene.jpg\",\"width\":1024,\"height\":683,\"caption\":\"Mit Low-Carb gegen Migr\u00e4ne?\"},{\"@type\":\"BreadcrumbList\",\"@id\":\"https:\/\/gesundheitsberatung.com\/gesundheit\/ernaehrung\/mit-low-carb-gegen-migraene\/#breadcrumb\",\"itemListElement\":[{\"@type\":\"ListItem\",\"position\":1,\"name\":\"Home\",\"item\":\"https:\/\/gesundheitsberatung.com\/gesundheit\/\"},{\"@type\":\"ListItem\",\"position\":2,\"name\":\"Ern\u00e4hrung\",\"item\":\"https:\/\/gesundheitsberatung.com\/gesundheit\/magazin\/ernaehrung\/\"},{\"@type\":\"ListItem\",\"position\":3,\"name\":\"Mit Low-Carb gegen Migr\u00e4ne?\"}]},{\"@type\":\"WebSite\",\"@id\":\"https:\/\/gesundheitsberatung.com\/gesundheit\/#website\",\"url\":\"https:\/\/gesundheitsberatung.com\/gesundheit\/\",\"name\":\"Gesundheit\",\"description\":\"Gesundheit \u260e Beratung durch Gesundheitsberater! Jetzt Gratis-Beratung sichern: \u2714 \u00c4rzte \u2714 Well Aging Trainer \u2714 Heilpraktiker \u2714 Entspannungstherapeuten \u2714 Frauenheilkunde Berater bei Vistano Gesundheit.\",\"potentialAction\":[{\"@type\":\"SearchAction\",\"target\":{\"@type\":\"EntryPoint\",\"urlTemplate\":\"https:\/\/gesundheitsberatung.com\/gesundheit\/?s={search_term_string}\"},\"query-input\":{\"@type\":\"PropertyValueSpecification\",\"valueRequired\":true,\"valueName\":\"search_term_string\"}}],\"inLanguage\":\"de\"},{\"@type\":\"Person\",\"@id\":\"https:\/\/gesundheitsberatung.com\/gesundheit\/#\/schema\/person\/ef95dd512e246837e5c8b258fef765bf\",\"name\":\"Laura Behm\",\"description\":\"Redakteurin bei Vistano Lebensberatung\",\"sameAs\":[\"http:\/\/www.vistano.com\/\"]}]}<\/script>\n<!-- \/ Yoast SEO plugin. -->","yoast_head_json":{"title":"Mit Low-Carb gegen Migr\u00e4ne? &#187; Gesundheit","description":"Von Migr\u00e4ne geplagte Menschen werden durch ihre Beschwerden massiv in ihrem Alltag beeintr\u00e4chtigt. Doch die richtige Ern\u00e4hrung k\u00f6nnte hierbei wahre Wunder","robots":{"index":"index","follow":"follow","max-snippet":"max-snippet:-1","max-image-preview":"max-image-preview:large","max-video-preview":"max-video-preview:-1"},"canonical":"https:\/\/gesundheitsberatung.com\/gesundheit\/ernaehrung\/mit-low-carb-gegen-migraene\/","og_locale":"de_DE","og_type":"article","og_title":"Mit Low-Carb gegen Migr\u00e4ne? &#187; Gesundheit","og_description":"Von Migr\u00e4ne geplagte Menschen werden durch ihre Beschwerden massiv in ihrem Alltag beeintr\u00e4chtigt. Doch die richtige Ern\u00e4hrung k\u00f6nnte hierbei wahre Wunder","og_url":"https:\/\/gesundheitsberatung.com\/gesundheit\/ernaehrung\/mit-low-carb-gegen-migraene\/","og_site_name":"Gesundheit","article_publisher":"https:\/\/www.facebook.com\/gesundheitsberatung\/","article_published_time":"2016-11-25T13:58:21+00:00","article_modified_time":"2023-06-03T19:02:31+00:00","og_image":[{"width":1024,"height":683,"url":"https:\/\/gesundheitsberatung.com\/gesundheit\/wp-content\/uploads\/sites\/4\/low-carb_migraene.jpg","type":"image\/jpeg"}],"author":"Laura Behm","twitter_card":"summary_large_image","twitter_creator":"@Vistano","twitter_site":"@Vistano","schema":{"@context":"https:\/\/schema.org","@graph":[{"@type":"WebPage","@id":"https:\/\/gesundheitsberatung.com\/gesundheit\/ernaehrung\/mit-low-carb-gegen-migraene\/","url":"https:\/\/gesundheitsberatung.com\/gesundheit\/ernaehrung\/mit-low-carb-gegen-migraene\/","name":"Mit Low-Carb gegen Migr\u00e4ne? &#187; Gesundheit","isPartOf":{"@id":"https:\/\/gesundheitsberatung.com\/gesundheit\/#website"},"primaryImageOfPage":{"@id":"https:\/\/gesundheitsberatung.com\/gesundheit\/ernaehrung\/mit-low-carb-gegen-migraene\/#primaryimage"},"image":{"@id":"https:\/\/gesundheitsberatung.com\/gesundheit\/ernaehrung\/mit-low-carb-gegen-migraene\/#primaryimage"},"thumbnailUrl":"https:\/\/gesundheitsberatung.com\/gesundheit\/wp-content\/uploads\/sites\/4\/low-carb_migraene.jpg","datePublished":"2016-11-25T13:58:21+00:00","dateModified":"2023-06-03T19:02:31+00:00","author":{"@id":"https:\/\/gesundheitsberatung.com\/gesundheit\/#\/schema\/person\/ef95dd512e246837e5c8b258fef765bf"},"description":"Von Migr\u00e4ne geplagte Menschen werden durch ihre Beschwerden massiv in ihrem Alltag beeintr\u00e4chtigt. Doch die richtige Ern\u00e4hrung k\u00f6nnte hierbei wahre Wunder","breadcrumb":{"@id":"https:\/\/gesundheitsberatung.com\/gesundheit\/ernaehrung\/mit-low-carb-gegen-migraene\/#breadcrumb"},"inLanguage":"de","potentialAction":[{"@type":"ReadAction","target":["https:\/\/gesundheitsberatung.com\/gesundheit\/ernaehrung\/mit-low-carb-gegen-migraene\/"]}]},{"@type":"ImageObject","inLanguage":"de","@id":"https:\/\/gesundheitsberatung.com\/gesundheit\/ernaehrung\/mit-low-carb-gegen-migraene\/#primaryimage","url":"https:\/\/gesundheitsberatung.com\/gesundheit\/wp-content\/uploads\/sites\/4\/low-carb_migraene.jpg","contentUrl":"https:\/\/gesundheitsberatung.com\/gesundheit\/wp-content\/uploads\/sites\/4\/low-carb_migraene.jpg","width":1024,"height":683,"caption":"Mit Low-Carb gegen Migr\u00e4ne?"},{"@type":"BreadcrumbList","@id":"https:\/\/gesundheitsberatung.com\/gesundheit\/ernaehrung\/mit-low-carb-gegen-migraene\/#breadcrumb","itemListElement":[{"@type":"ListItem","position":1,"name":"Home","item":"https:\/\/gesundheitsberatung.com\/gesundheit\/"},{"@type":"ListItem","position":2,"name":"Ern\u00e4hrung","item":"https:\/\/gesundheitsberatung.com\/gesundheit\/magazin\/ernaehrung\/"},{"@type":"ListItem","position":3,"name":"Mit Low-Carb gegen Migr\u00e4ne?"}]},{"@type":"WebSite","@id":"https:\/\/gesundheitsberatung.com\/gesundheit\/#website","url":"https:\/\/gesundheitsberatung.com\/gesundheit\/","name":"Gesundheit","description":"Gesundheit \u260e Beratung durch Gesundheitsberater! Jetzt Gratis-Beratung sichern: \u2714 \u00c4rzte \u2714 Well Aging Trainer \u2714 Heilpraktiker \u2714 Entspannungstherapeuten \u2714 Frauenheilkunde Berater bei Vistano Gesundheit.","potentialAction":[{"@type":"SearchAction","target":{"@type":"EntryPoint","urlTemplate":"https:\/\/gesundheitsberatung.com\/gesundheit\/?s={search_term_string}"},"query-input":{"@type":"PropertyValueSpecification","valueRequired":true,"valueName":"search_term_string"}}],"inLanguage":"de"},{"@type":"Person","@id":"https:\/\/gesundheitsberatung.com\/gesundheit\/#\/schema\/person\/ef95dd512e246837e5c8b258fef765bf","name":"Laura Behm","description":"Redakteurin bei Vistano Lebensberatung","sameAs":["http:\/\/www.vistano.com\/"]}]}},"_links":{"self":[{"href":"https:\/\/gesundheitsberatung.com\/gesundheit\/wp-json\/wp\/v2\/posts\/51979","targetHints":{"allow":["GET"]}}],"collection":[{"href":"https:\/\/gesundheitsberatung.com\/gesundheit\/wp-json\/wp\/v2\/posts"}],"about":[{"href":"https:\/\/gesundheitsberatung.com\/gesundheit\/wp-json\/wp\/v2\/types\/post"}],"author":[{"embeddable":true,"href":"https:\/\/gesundheitsberatung.com\/gesundheit\/wp-json\/wp\/v2\/users\/9"}],"replies":[{"embeddable":true,"href":"https:\/\/gesundheitsberatung.com\/gesundheit\/wp-json\/wp\/v2\/comments?post=51979"}],"version-history":[{"count":0,"href":"https:\/\/gesundheitsberatung.com\/gesundheit\/wp-json\/wp\/v2\/posts\/51979\/revisions"}],"wp:featuredmedia":[{"embeddable":true,"href":"https:\/\/gesundheitsberatung.com\/gesundheit\/wp-json\/wp\/v2\/media\/60203"}],"wp:attachment":[{"href":"https:\/\/gesundheitsberatung.com\/gesundheit\/wp-json\/wp\/v2\/media?parent=51979"}],"wp:term":[{"taxonomy":"category","embeddable":true,"href":"https:\/\/gesundheitsberatung.com\/gesundheit\/wp-json\/wp\/v2\/categories?post=51979"},{"taxonomy":"post_tag","embeddable":true,"href":"https:\/\/gesundheitsberatung.com\/gesundheit\/wp-json\/wp\/v2\/tags?post=51979"}],"curies":[{"name":"wp","href":"https:\/\/api.w.org\/{rel}","templated":true}]}}