{"id":226265,"date":"2020-05-13T13:48:59","date_gmt":"2020-05-13T11:48:59","guid":{"rendered":"https:\/\/gesundheitsberatung.com\/gesundheit\/?p=226265"},"modified":"2023-06-03T20:46:30","modified_gmt":"2023-06-03T18:46:30","slug":"tourette-wenn-das-fluchen-zur-krankheit-gehoert","status":"publish","type":"post","link":"https:\/\/gesundheitsberatung.com\/gesundheit\/krankheitsbilder\/tourette-wenn-das-fluchen-zur-krankheit-gehoert\/","title":{"rendered":"Tourette: Wenn das Fluchen zur Krankheit geh\u00f6rt"},"content":{"rendered":"<p><strong>Tourette<\/strong> ist eine Krankheit, die gerade in der \u00d6ffentlichkeit f\u00fcr Scharm sorgt. Wenn man an <a href=\"https:\/\/gesundheitsberatung.com\/gesundheit\/krankheitsbilder\/tourette-welche-therapie-ist-ratsam\/\">Tourette<\/a> denkt, hat man meist lauthals schimpfende Personen vor Augen. Doch das ist nicht das ganze Bild der Krankheit, denn es gibt noch einige weitere Probleme, die Betroffene handhaben m\u00fcssen. Wenn man Tourette im Internet nachschl\u00e4gt, kommen auch oft sehr bekannte Betroffene ans Licht, Wolfgang Amadeus Mozart zum Beispiel.<\/p>\n<h3>Auch Wolfgang Amadeus Mozart hatte Tourette<\/h3>\n<p>Heute gehen Forscher davon aus, dass Wolfgang Amadeus Mozart in all seiner Brillanz an einer schlimmen Nervenkrankheit litt. Die Krankheit ist als Gilles-de-la-Tourette-Syndrom bekannt. Bei Mozart \u00e4u\u00dferte sich die Erkrankung durch Briefe, in den er ausfallend wurde und sich sehr unangebracht ausdr\u00fcckte. Es fiel h\u00e4ufig aus, dass er Worte zusammenf\u00fcgte, die keinerlei Sinn ergaben. Welche Symptome zeigen sich bei Tourette aber wirklich? Sind Tics oder Zuckungen immer ein Hinweis auf diese Krankheit? Welche Behandlungsm\u00f6glichkeiten haben betroffene Patienten?<\/p>\n<h3>Tics \u2013 ein charakteristisches Merkzeichen von Tourette<\/h3>\n<p>Prof. Irene Neuner Klinik f\u00fcr Psychiatrie, Psychotherapie und Psychosomatik in Aachen erkl\u00e4rt, dass Tics das charakteristische Merkmal f\u00fcr die Tourette-Erkrankung sind. Tics \u00e4u\u00dfern sich in flinken Muskelbewegungen, die unwillk\u00fcrlich auftreten. Patienten k\u00f6nnen diese nur zum Teil kontrollieren. Der Name der Krankheit beruht aus Beschreibungen des Arztes Georges Gilles de la Tourette, der in Frankreich zuhause war. Tourette wird diagnostiziert, wenn ein Patient mindesten einen vokalen Tic hat und dazu noch einige motorische Tics. Es treten also Zuckungen auf oder auch Bewegungen, die seltsam erscheinen. Dazu kommt dann das Aussto\u00dfen von kleinen Lauten oder Worten. Treten diese Symptome \u00fcber einen Zeitraum von mehr als 12 Monaten auf, leidet der Patient an Tourette. Hinzu kommt noch, dass diese Anzeigen vor dem 18. Lebensjahr begonnen haben. Die verschiedenen Tics zeigen sich in verschiedenen Auspr\u00e4gungen.<\/p>\n<h3>Unterteilung in einfache und komplexe Tics<\/h3>\n<p>Die Tics k\u00f6nnen in einfach und komplex eingeteilt werden. Einfach ist zum Beispiel das Rollen der Augen, Schulterzucken, Grimassen ziehen oder Kopfsch\u00fctteln. Als komplex wird beispielsweise das Zupfen an Kleidung, aufstampfen oder unkontrolliertes H\u00fcpfen eingestuft. Im vokalen Bereich gilt das Spucken, lautes Atmen oder Husten zu den einfachen Tics. Unter komplex verstehen wir hier das wiederholte Aussto\u00dfen von Worten.<\/p>\n<p>Wer an Tourette denkt, denkt an unwillk\u00fcrliches Fluchen, das auch Koprolalie genannt wird. Diese Auspr\u00e4gung ist aber l\u00e4ngst nicht immer im Krankheitsbild eines Tourette-Patienten zu finden. Zuverl\u00e4ssige Zahlen zu den Koprolalie-Betroffen gibt es allerdings nicht. In verschiedenen Studien wurden unterschiedliche Zahlen ver\u00f6ffentlicht.<\/p>\n<h3>Verschieden ausgepr\u00e4gte Krankheitsbilder<\/h3>\n<p>Tourette tritt in den meisten F\u00e4llen bei Kindern und Jugendlichen auf. Im Laufe der Jahre gehen die Symptome zur\u00fcck oder verschwinden sogar ganz. Die Krankheit tritt h\u00e4ufiger bei M\u00e4nnern auf. Wissenschaftler gehen davon aus, dass ungef\u00e4hr ein Prozent der Menschen an Tourette leidet. In vielen F\u00e4llen sind die Tics aber kaum sp\u00fcrbar, sodass die Person nicht als \u201ekrank\u201c eingestuft wird. In Stresssituationen werden die Tics oftmals st\u00e4rker und h\u00e4ufiger. Muss sich derjenige konzentrieren, lassen die Tics nach. Gelingt es einem Betroffenen, die Tics zu unterdr\u00fccken oder zu verz\u00f6gern, kann es anschlie\u00dfend verst\u00e4rkt zu Tics kommen. Je nach Patient lassen sie im Alter nach oder verst\u00e4rken sich. Der Krankheitsverlauf ist sehr individuell. In vielen F\u00e4llen ist Tourette an zus\u00e4tzliche Auff\u00e4lligkeiten gekoppelt. Es ist nicht selten, dass Patienten hyperaktiv sind. Auch Zwangsst\u00f6rungen oder autoaggressive Neigungen k\u00f6nnen dazugeh\u00f6ren. Im Erwachsenenalter treten des \u00d6fteren depressive Erkrankungen auf.<\/p>\n<h3>Wo liegt die Ursache?<\/h3>\n<p>Wissenschaftler gehen davon aus, dass bei der Tourette-Erkrankung genetische Ursachen mitverantwortlich sein k\u00f6nnen, aber eine abschlie\u00dfende Kl\u00e4rung liegt nicht vor. Es wird vermutet, dass Rauchen w\u00e4hrend der Schwangerschaft das Risiko erh\u00f6ht. Es gibt au\u00dferdem Vermutungen, dass diverse virale oder bakterielle Infekte Mitursache sein k\u00f6nnten. Erkrankte Personen weisen auff\u00e4llige Ver\u00e4nderungen des frontalen Kortex und in den Basalganglien auf. In diesem Teil des Gehirns wird die Koordination der Motorik gesteuert.<\/p>\n<p>&nbsp;<\/p>\n","protected":false},"excerpt":{"rendered":"<p>Tourette ist eine Krankheit, die gerade in der \u00d6ffentlichkeit f\u00fcr Scharm sorgt. Wenn man an Tourette denkt, hat man meist lauthals schimpfende Personen vor Augen. Doch das ist nicht das ganze Bild der Krankheit, denn es gibt noch einige weitere Probleme, die Betroffene handhaben m\u00fcssen. Wenn man Tourette im Internet nachschl\u00e4gt, kommen auch oft sehr [&hellip;]<\/p>\n","protected":false},"author":7,"featured_media":226340,"comment_status":"closed","ping_status":"closed","sticky":false,"template":"","format":"standard","meta":{"footnotes":""},"categories":[6139],"tags":[19631,19627],"class_list":["post-226265","post","type-post","status-publish","format-standard","has-post-thumbnail","hentry","category-krankheitsbilder","tag-tics","tag-tourette"],"yoast_head":"<!-- This site is optimized with the Yoast SEO plugin v26.0 - https:\/\/yoast.com\/wordpress\/plugins\/seo\/ -->\n<title>Tourette: Wenn das Fluchen zur Krankheit geh\u00f6rt &#187; Gesundheit<\/title>\n<meta name=\"description\" content=\"Tourette ist eine Krankheit, die gerade in der \u00d6ffentlichkeit f\u00fcr Scharm sorgt. Wenn man an Tourette denkt, hat man meist lauthals schimpfende Personen\" \/>\n<meta name=\"robots\" content=\"index, follow, max-snippet:-1, max-image-preview:large, max-video-preview:-1\" \/>\n<link rel=\"canonical\" href=\"https:\/\/gesundheitsberatung.com\/gesundheit\/krankheitsbilder\/tourette-wenn-das-fluchen-zur-krankheit-gehoert\/\" \/>\n<meta property=\"og:locale\" content=\"de_DE\" \/>\n<meta property=\"og:type\" content=\"article\" \/>\n<meta property=\"og:title\" content=\"Tourette: Wenn das Fluchen zur Krankheit geh\u00f6rt &#187; Gesundheit\" \/>\n<meta property=\"og:description\" content=\"Tourette ist eine Krankheit, die gerade in der \u00d6ffentlichkeit f\u00fcr Scharm sorgt. Wenn man an Tourette denkt, hat man meist lauthals schimpfende Personen\" \/>\n<meta property=\"og:url\" content=\"https:\/\/gesundheitsberatung.com\/gesundheit\/krankheitsbilder\/tourette-wenn-das-fluchen-zur-krankheit-gehoert\/\" \/>\n<meta property=\"og:site_name\" content=\"Gesundheit\" \/>\n<meta property=\"article:publisher\" content=\"https:\/\/www.facebook.com\/gesundheitsberatung\/\" \/>\n<meta property=\"article:published_time\" content=\"2020-05-13T11:48:59+00:00\" \/>\n<meta property=\"article:modified_time\" content=\"2023-06-03T18:46:30+00:00\" \/>\n<meta property=\"og:image\" content=\"https:\/\/gesundheitsberatung.com\/gesundheit\/wp-content\/uploads\/sites\/4\/tourette_wenn_das_fluchen_zur_krankheit_gehoert.jpg\" \/>\n\t<meta property=\"og:image:width\" content=\"1024\" \/>\n\t<meta property=\"og:image:height\" content=\"700\" \/>\n\t<meta property=\"og:image:type\" content=\"image\/jpeg\" \/>\n<meta name=\"author\" content=\"Patricia-Pina de Pasquale-M\u00fcnz\" \/>\n<meta name=\"twitter:card\" content=\"summary_large_image\" \/>\n<meta name=\"twitter:creator\" content=\"@Vistano\" \/>\n<meta name=\"twitter:site\" content=\"@Vistano\" \/>\n<script type=\"application\/ld+json\" class=\"yoast-schema-graph\">{\"@context\":\"https:\/\/schema.org\",\"@graph\":[{\"@type\":\"WebPage\",\"@id\":\"https:\/\/gesundheitsberatung.com\/gesundheit\/krankheitsbilder\/tourette-wenn-das-fluchen-zur-krankheit-gehoert\/\",\"url\":\"https:\/\/gesundheitsberatung.com\/gesundheit\/krankheitsbilder\/tourette-wenn-das-fluchen-zur-krankheit-gehoert\/\",\"name\":\"Tourette: Wenn das Fluchen zur Krankheit geh\u00f6rt &#187; Gesundheit\",\"isPartOf\":{\"@id\":\"https:\/\/gesundheitsberatung.com\/gesundheit\/#website\"},\"primaryImageOfPage\":{\"@id\":\"https:\/\/gesundheitsberatung.com\/gesundheit\/krankheitsbilder\/tourette-wenn-das-fluchen-zur-krankheit-gehoert\/#primaryimage\"},\"image\":{\"@id\":\"https:\/\/gesundheitsberatung.com\/gesundheit\/krankheitsbilder\/tourette-wenn-das-fluchen-zur-krankheit-gehoert\/#primaryimage\"},\"thumbnailUrl\":\"https:\/\/gesundheitsberatung.com\/gesundheit\/wp-content\/uploads\/sites\/4\/tourette_wenn_das_fluchen_zur_krankheit_gehoert.jpg\",\"datePublished\":\"2020-05-13T11:48:59+00:00\",\"dateModified\":\"2023-06-03T18:46:30+00:00\",\"author\":{\"@id\":\"https:\/\/gesundheitsberatung.com\/gesundheit\/#\/schema\/person\/e8d647b01c63b8bc5c86b65f02c237f5\"},\"description\":\"Tourette ist eine Krankheit, die gerade in der \u00d6ffentlichkeit f\u00fcr Scharm sorgt. Wenn man an Tourette denkt, hat man meist lauthals schimpfende Personen\",\"breadcrumb\":{\"@id\":\"https:\/\/gesundheitsberatung.com\/gesundheit\/krankheitsbilder\/tourette-wenn-das-fluchen-zur-krankheit-gehoert\/#breadcrumb\"},\"inLanguage\":\"de\",\"potentialAction\":[{\"@type\":\"ReadAction\",\"target\":[\"https:\/\/gesundheitsberatung.com\/gesundheit\/krankheitsbilder\/tourette-wenn-das-fluchen-zur-krankheit-gehoert\/\"]}]},{\"@type\":\"ImageObject\",\"inLanguage\":\"de\",\"@id\":\"https:\/\/gesundheitsberatung.com\/gesundheit\/krankheitsbilder\/tourette-wenn-das-fluchen-zur-krankheit-gehoert\/#primaryimage\",\"url\":\"https:\/\/gesundheitsberatung.com\/gesundheit\/wp-content\/uploads\/sites\/4\/tourette_wenn_das_fluchen_zur_krankheit_gehoert.jpg\",\"contentUrl\":\"https:\/\/gesundheitsberatung.com\/gesundheit\/wp-content\/uploads\/sites\/4\/tourette_wenn_das_fluchen_zur_krankheit_gehoert.jpg\",\"width\":1024,\"height\":700,\"caption\":\"Tourette: Wenn das Fluchen zur Krankheit geh\u00f6rt\"},{\"@type\":\"BreadcrumbList\",\"@id\":\"https:\/\/gesundheitsberatung.com\/gesundheit\/krankheitsbilder\/tourette-wenn-das-fluchen-zur-krankheit-gehoert\/#breadcrumb\",\"itemListElement\":[{\"@type\":\"ListItem\",\"position\":1,\"name\":\"Home\",\"item\":\"https:\/\/gesundheitsberatung.com\/gesundheit\/\"},{\"@type\":\"ListItem\",\"position\":2,\"name\":\"Krankheitsbilder\",\"item\":\"https:\/\/gesundheitsberatung.com\/gesundheit\/magazin\/krankheitsbilder\/\"},{\"@type\":\"ListItem\",\"position\":3,\"name\":\"Tourette: Wenn das Fluchen zur Krankheit geh\u00f6rt\"}]},{\"@type\":\"WebSite\",\"@id\":\"https:\/\/gesundheitsberatung.com\/gesundheit\/#website\",\"url\":\"https:\/\/gesundheitsberatung.com\/gesundheit\/\",\"name\":\"Gesundheit\",\"description\":\"Gesundheit \u260e Beratung durch Gesundheitsberater! Jetzt Gratis-Beratung sichern: \u2714 \u00c4rzte \u2714 Well Aging Trainer \u2714 Heilpraktiker \u2714 Entspannungstherapeuten \u2714 Frauenheilkunde Berater bei Vistano Gesundheit.\",\"potentialAction\":[{\"@type\":\"SearchAction\",\"target\":{\"@type\":\"EntryPoint\",\"urlTemplate\":\"https:\/\/gesundheitsberatung.com\/gesundheit\/?s={search_term_string}\"},\"query-input\":{\"@type\":\"PropertyValueSpecification\",\"valueRequired\":true,\"valueName\":\"search_term_string\"}}],\"inLanguage\":\"de\"},{\"@type\":\"Person\",\"@id\":\"https:\/\/gesundheitsberatung.com\/gesundheit\/#\/schema\/person\/e8d647b01c63b8bc5c86b65f02c237f5\",\"name\":\"Patricia-Pina de Pasquale-M\u00fcnz\",\"description\":\"Redakteurin bei Vistano Lebensberatung\",\"sameAs\":[\"http:\/\/www.vistano.com\/\"]}]}<\/script>\n<!-- \/ Yoast SEO plugin. -->","yoast_head_json":{"title":"Tourette: Wenn das Fluchen zur Krankheit geh\u00f6rt &#187; Gesundheit","description":"Tourette ist eine Krankheit, die gerade in der \u00d6ffentlichkeit f\u00fcr Scharm sorgt. Wenn man an Tourette denkt, hat man meist lauthals schimpfende Personen","robots":{"index":"index","follow":"follow","max-snippet":"max-snippet:-1","max-image-preview":"max-image-preview:large","max-video-preview":"max-video-preview:-1"},"canonical":"https:\/\/gesundheitsberatung.com\/gesundheit\/krankheitsbilder\/tourette-wenn-das-fluchen-zur-krankheit-gehoert\/","og_locale":"de_DE","og_type":"article","og_title":"Tourette: Wenn das Fluchen zur Krankheit geh\u00f6rt &#187; Gesundheit","og_description":"Tourette ist eine Krankheit, die gerade in der \u00d6ffentlichkeit f\u00fcr Scharm sorgt. Wenn man an Tourette denkt, hat man meist lauthals schimpfende Personen","og_url":"https:\/\/gesundheitsberatung.com\/gesundheit\/krankheitsbilder\/tourette-wenn-das-fluchen-zur-krankheit-gehoert\/","og_site_name":"Gesundheit","article_publisher":"https:\/\/www.facebook.com\/gesundheitsberatung\/","article_published_time":"2020-05-13T11:48:59+00:00","article_modified_time":"2023-06-03T18:46:30+00:00","og_image":[{"width":1024,"height":700,"url":"https:\/\/gesundheitsberatung.com\/gesundheit\/wp-content\/uploads\/sites\/4\/tourette_wenn_das_fluchen_zur_krankheit_gehoert.jpg","type":"image\/jpeg"}],"author":"Patricia-Pina de Pasquale-M\u00fcnz","twitter_card":"summary_large_image","twitter_creator":"@Vistano","twitter_site":"@Vistano","schema":{"@context":"https:\/\/schema.org","@graph":[{"@type":"WebPage","@id":"https:\/\/gesundheitsberatung.com\/gesundheit\/krankheitsbilder\/tourette-wenn-das-fluchen-zur-krankheit-gehoert\/","url":"https:\/\/gesundheitsberatung.com\/gesundheit\/krankheitsbilder\/tourette-wenn-das-fluchen-zur-krankheit-gehoert\/","name":"Tourette: Wenn das Fluchen zur Krankheit geh\u00f6rt &#187; Gesundheit","isPartOf":{"@id":"https:\/\/gesundheitsberatung.com\/gesundheit\/#website"},"primaryImageOfPage":{"@id":"https:\/\/gesundheitsberatung.com\/gesundheit\/krankheitsbilder\/tourette-wenn-das-fluchen-zur-krankheit-gehoert\/#primaryimage"},"image":{"@id":"https:\/\/gesundheitsberatung.com\/gesundheit\/krankheitsbilder\/tourette-wenn-das-fluchen-zur-krankheit-gehoert\/#primaryimage"},"thumbnailUrl":"https:\/\/gesundheitsberatung.com\/gesundheit\/wp-content\/uploads\/sites\/4\/tourette_wenn_das_fluchen_zur_krankheit_gehoert.jpg","datePublished":"2020-05-13T11:48:59+00:00","dateModified":"2023-06-03T18:46:30+00:00","author":{"@id":"https:\/\/gesundheitsberatung.com\/gesundheit\/#\/schema\/person\/e8d647b01c63b8bc5c86b65f02c237f5"},"description":"Tourette ist eine Krankheit, die gerade in der \u00d6ffentlichkeit f\u00fcr Scharm sorgt. Wenn man an Tourette denkt, hat man meist lauthals schimpfende Personen","breadcrumb":{"@id":"https:\/\/gesundheitsberatung.com\/gesundheit\/krankheitsbilder\/tourette-wenn-das-fluchen-zur-krankheit-gehoert\/#breadcrumb"},"inLanguage":"de","potentialAction":[{"@type":"ReadAction","target":["https:\/\/gesundheitsberatung.com\/gesundheit\/krankheitsbilder\/tourette-wenn-das-fluchen-zur-krankheit-gehoert\/"]}]},{"@type":"ImageObject","inLanguage":"de","@id":"https:\/\/gesundheitsberatung.com\/gesundheit\/krankheitsbilder\/tourette-wenn-das-fluchen-zur-krankheit-gehoert\/#primaryimage","url":"https:\/\/gesundheitsberatung.com\/gesundheit\/wp-content\/uploads\/sites\/4\/tourette_wenn_das_fluchen_zur_krankheit_gehoert.jpg","contentUrl":"https:\/\/gesundheitsberatung.com\/gesundheit\/wp-content\/uploads\/sites\/4\/tourette_wenn_das_fluchen_zur_krankheit_gehoert.jpg","width":1024,"height":700,"caption":"Tourette: Wenn das Fluchen zur Krankheit geh\u00f6rt"},{"@type":"BreadcrumbList","@id":"https:\/\/gesundheitsberatung.com\/gesundheit\/krankheitsbilder\/tourette-wenn-das-fluchen-zur-krankheit-gehoert\/#breadcrumb","itemListElement":[{"@type":"ListItem","position":1,"name":"Home","item":"https:\/\/gesundheitsberatung.com\/gesundheit\/"},{"@type":"ListItem","position":2,"name":"Krankheitsbilder","item":"https:\/\/gesundheitsberatung.com\/gesundheit\/magazin\/krankheitsbilder\/"},{"@type":"ListItem","position":3,"name":"Tourette: Wenn das Fluchen zur Krankheit geh\u00f6rt"}]},{"@type":"WebSite","@id":"https:\/\/gesundheitsberatung.com\/gesundheit\/#website","url":"https:\/\/gesundheitsberatung.com\/gesundheit\/","name":"Gesundheit","description":"Gesundheit \u260e Beratung durch Gesundheitsberater! Jetzt Gratis-Beratung sichern: \u2714 \u00c4rzte \u2714 Well Aging Trainer \u2714 Heilpraktiker \u2714 Entspannungstherapeuten \u2714 Frauenheilkunde Berater bei Vistano Gesundheit.","potentialAction":[{"@type":"SearchAction","target":{"@type":"EntryPoint","urlTemplate":"https:\/\/gesundheitsberatung.com\/gesundheit\/?s={search_term_string}"},"query-input":{"@type":"PropertyValueSpecification","valueRequired":true,"valueName":"search_term_string"}}],"inLanguage":"de"},{"@type":"Person","@id":"https:\/\/gesundheitsberatung.com\/gesundheit\/#\/schema\/person\/e8d647b01c63b8bc5c86b65f02c237f5","name":"Patricia-Pina de Pasquale-M\u00fcnz","description":"Redakteurin bei Vistano Lebensberatung","sameAs":["http:\/\/www.vistano.com\/"]}]}},"_links":{"self":[{"href":"https:\/\/gesundheitsberatung.com\/gesundheit\/wp-json\/wp\/v2\/posts\/226265","targetHints":{"allow":["GET"]}}],"collection":[{"href":"https:\/\/gesundheitsberatung.com\/gesundheit\/wp-json\/wp\/v2\/posts"}],"about":[{"href":"https:\/\/gesundheitsberatung.com\/gesundheit\/wp-json\/wp\/v2\/types\/post"}],"author":[{"embeddable":true,"href":"https:\/\/gesundheitsberatung.com\/gesundheit\/wp-json\/wp\/v2\/users\/7"}],"replies":[{"embeddable":true,"href":"https:\/\/gesundheitsberatung.com\/gesundheit\/wp-json\/wp\/v2\/comments?post=226265"}],"version-history":[{"count":0,"href":"https:\/\/gesundheitsberatung.com\/gesundheit\/wp-json\/wp\/v2\/posts\/226265\/revisions"}],"wp:featuredmedia":[{"embeddable":true,"href":"https:\/\/gesundheitsberatung.com\/gesundheit\/wp-json\/wp\/v2\/media\/226340"}],"wp:attachment":[{"href":"https:\/\/gesundheitsberatung.com\/gesundheit\/wp-json\/wp\/v2\/media?parent=226265"}],"wp:term":[{"taxonomy":"category","embeddable":true,"href":"https:\/\/gesundheitsberatung.com\/gesundheit\/wp-json\/wp\/v2\/categories?post=226265"},{"taxonomy":"post_tag","embeddable":true,"href":"https:\/\/gesundheitsberatung.com\/gesundheit\/wp-json\/wp\/v2\/tags?post=226265"}],"curies":[{"name":"wp","href":"https:\/\/api.w.org\/{rel}","templated":true}]}}