{"id":20418,"date":"2016-04-26T13:50:02","date_gmt":"2016-04-26T12:50:02","guid":{"rendered":"http:\/\/gesundheitsberatung.com\/gesundheit\/?p=20418"},"modified":"2023-06-03T21:05:32","modified_gmt":"2023-06-03T19:05:32","slug":"laengere-grippewelle-dieses-jahr","status":"publish","type":"post","link":"https:\/\/gesundheitsberatung.com\/gesundheit\/news-storys\/laengere-grippewelle-dieses-jahr\/","title":{"rendered":"L\u00e4ngere Grippewelle dieses Jahr"},"content":{"rendered":"<p>Bereits im Vorjahr fiel die <b>Grippewelle<\/b> sehr heftig aus. Doch auch jetzt erkranken mehr und mehr Menschen an Influenza, die betroffene Personengruppe ist jedoch eher untypisch.<\/p>\n<p>Nach aktuellen Erkenntnissen sind von der diesj\u00e4hrigen Grippewelle besonders Menschen mittleren Alters betroffen und zwar weit schwerer und h\u00e4ufiger als in den vergangenen Jahren. Silke Buda, Influenzaexpertin am Robert-Koch-Institut, vermutet, dass dies unter anderem auf die Dominanz des Virus A(H1N1)pdm09 zur\u00fcckzuf\u00fchren sei, das erst seit 2009 vermehrt zirkuliert. Dieses Virus scheint im Vergleich zum dominierenden Virus des Vorjahrs (A(H3N2)) auch bei Personen ohne chronische Erkrankungen und j\u00fcngeren Erwachsenen schwerere Krankheitsverl\u00e4ufe zu verursachen. \u00c4rzte sollten daher Patienten im Alter zwischen 15 und 59 Jahren genauer im Blick haben, so die Expertin.<\/p>\n<h3>Influenza Viren und deren \u00dcbertragung<\/h3>\n<p>Auch andere L\u00e4nder hatten mit deutlich schwereren Influenza-F\u00e4llen zu k\u00e4mpfen und in den meisten F\u00e4llen handelte es sich um das\u00a0<span class=\"caps\">H1N1<\/span>-Virus. Dieses Virus ist auch unter dem Namen \u201eSchweinegrippe\u201c bekannt. Dieser Name sei allerdings irref\u00fchrend, so Buda, da das Virus nicht etwa bei Schweinen zirkuliere, sondern genauso \u00fcbertragen werde wie andere Viren auch, durch Tr\u00f6pfcheninfektion beim Niesen oder Sprechen beispielsweise. Zwar sei das Virus f\u00fcr das menschliche Immunsystem noch relativ neu, doch habe\u00a0<span class=\"caps\">H1N1\u00a0<\/span>auch in den vergangenen Jahren bereits kursiert. 2014\/15 lag der Anteil dieses Virus an den Influenza-Infektionen bei 15 Prozent, diese Saison ist er auf 70 Prozent angestiegen. Experten erwarten jedoch auch noch eine signifikante Zunahme des Typ B, der momentan 23 Prozent ausmacht, jedoch im Laufe der Saison meist weiter steigt.<\/p>\n<h3>Impfstoffe m\u00fcssen im Auge behalten werden<\/h3>\n<p>Dies wollen die Experten vor allem auf Grund der Passgenauigkeit der Impfstoffe im Auge behalten. Denn die momentan zirkulierende B-Linie sei in den g\u00e4ngigen Impfstoffen bisher nicht enthalten, so Buda. Studien \u00fcber die Wirksamkeit des neuen Impfstoffes bleiben abzuwarten. Das Robert-Koch-Institut z\u00e4hlte in der ersten Woche des Monats Februar 2400 F\u00e4lle von Influenza. Diese Daten stimmen jedoch meist nicht mit der Realit\u00e4t \u00fcberein, da l\u00e4ngst nicht alle Patienten, die Grippesymptome aufweisen, auf Influenza-Viren getestet werden.<\/p>\n<p>&nbsp;<\/p>\n","protected":false},"excerpt":{"rendered":"<p>Bereits im Vorjahr fiel die Grippewelle sehr heftig aus. Doch auch jetzt erkranken mehr und mehr Menschen an Influenza, die betroffene Personengruppe ist jedoch eher untypisch. Nach aktuellen Erkenntnissen sind von der diesj\u00e4hrigen Grippewelle besonders Menschen mittleren Alters betroffen und zwar weit schwerer und h\u00e4ufiger als in den vergangenen Jahren. Silke Buda, Influenzaexpertin am Robert-Koch-Institut, [&hellip;]<\/p>\n","protected":false},"author":9,"featured_media":20444,"comment_status":"closed","ping_status":"closed","sticky":false,"template":"","format":"standard","meta":{"footnotes":""},"categories":[6151,1],"tags":[157,6049,6050,3616,6051],"class_list":["post-20418","post","type-post","status-publish","format-standard","has-post-thumbnail","hentry","category-gesundheit-im-alltag","category-news-storys","tag-grippe","tag-grippewelle-2016-influenza-viren","tag-grippewelle-2016-patientengruppe","tag-grippewelle-ah3n2-virus","tag-grippewelle-laenger-schwerer"],"yoast_head":"<!-- This site is optimized with the Yoast SEO plugin v26.0 - https:\/\/yoast.com\/wordpress\/plugins\/seo\/ -->\n<title>L\u00e4ngere Grippewelle dieses Jahr &#187; Gesundheit<\/title>\n<meta name=\"description\" content=\"Bereits im Vorjahr fiel die Grippewelle sehr heftig aus. Doch auch jetzt erkranken mehr und mehr Menschen an Influenza, die betroffene Personengruppe ist\" \/>\n<meta name=\"robots\" content=\"index, follow, max-snippet:-1, max-image-preview:large, max-video-preview:-1\" \/>\n<link rel=\"canonical\" href=\"https:\/\/gesundheitsberatung.com\/gesundheit\/news-storys\/laengere-grippewelle-dieses-jahr\/\" \/>\n<meta property=\"og:locale\" content=\"de_DE\" \/>\n<meta property=\"og:type\" content=\"article\" \/>\n<meta property=\"og:title\" content=\"L\u00e4ngere Grippewelle dieses Jahr &#187; Gesundheit\" \/>\n<meta property=\"og:description\" content=\"Bereits im Vorjahr fiel die Grippewelle sehr heftig aus. Doch auch jetzt erkranken mehr und mehr Menschen an Influenza, die betroffene Personengruppe ist\" \/>\n<meta property=\"og:url\" content=\"https:\/\/gesundheitsberatung.com\/gesundheit\/news-storys\/laengere-grippewelle-dieses-jahr\/\" \/>\n<meta property=\"og:site_name\" content=\"Gesundheit\" \/>\n<meta property=\"article:publisher\" content=\"https:\/\/www.facebook.com\/gesundheitsberatung\/\" \/>\n<meta property=\"article:published_time\" content=\"2016-04-26T12:50:02+00:00\" \/>\n<meta property=\"article:modified_time\" content=\"2023-06-03T19:05:32+00:00\" \/>\n<meta property=\"og:image\" content=\"https:\/\/gesundheitsberatung.com\/gesundheit\/wp-content\/uploads\/sites\/4\/Laengere_Grippewelle_Jahr.jpg\" \/>\n\t<meta property=\"og:image:width\" content=\"1024\" \/>\n\t<meta property=\"og:image:height\" content=\"682\" \/>\n\t<meta property=\"og:image:type\" content=\"image\/jpeg\" \/>\n<meta name=\"author\" content=\"Laura Behm\" \/>\n<meta name=\"twitter:card\" content=\"summary_large_image\" \/>\n<meta name=\"twitter:creator\" content=\"@Vistano\" \/>\n<meta name=\"twitter:site\" content=\"@Vistano\" \/>\n<script type=\"application\/ld+json\" class=\"yoast-schema-graph\">{\"@context\":\"https:\/\/schema.org\",\"@graph\":[{\"@type\":\"WebPage\",\"@id\":\"https:\/\/gesundheitsberatung.com\/gesundheit\/news-storys\/laengere-grippewelle-dieses-jahr\/\",\"url\":\"https:\/\/gesundheitsberatung.com\/gesundheit\/news-storys\/laengere-grippewelle-dieses-jahr\/\",\"name\":\"L\u00e4ngere Grippewelle dieses Jahr &#187; Gesundheit\",\"isPartOf\":{\"@id\":\"https:\/\/gesundheitsberatung.com\/gesundheit\/#website\"},\"primaryImageOfPage\":{\"@id\":\"https:\/\/gesundheitsberatung.com\/gesundheit\/news-storys\/laengere-grippewelle-dieses-jahr\/#primaryimage\"},\"image\":{\"@id\":\"https:\/\/gesundheitsberatung.com\/gesundheit\/news-storys\/laengere-grippewelle-dieses-jahr\/#primaryimage\"},\"thumbnailUrl\":\"https:\/\/gesundheitsberatung.com\/gesundheit\/wp-content\/uploads\/sites\/4\/Laengere_Grippewelle_Jahr.jpg\",\"datePublished\":\"2016-04-26T12:50:02+00:00\",\"dateModified\":\"2023-06-03T19:05:32+00:00\",\"author\":{\"@id\":\"https:\/\/gesundheitsberatung.com\/gesundheit\/#\/schema\/person\/ef95dd512e246837e5c8b258fef765bf\"},\"description\":\"Bereits im Vorjahr fiel die Grippewelle sehr heftig aus. Doch auch jetzt erkranken mehr und mehr Menschen an Influenza, die betroffene Personengruppe ist\",\"breadcrumb\":{\"@id\":\"https:\/\/gesundheitsberatung.com\/gesundheit\/news-storys\/laengere-grippewelle-dieses-jahr\/#breadcrumb\"},\"inLanguage\":\"de\",\"potentialAction\":[{\"@type\":\"ReadAction\",\"target\":[\"https:\/\/gesundheitsberatung.com\/gesundheit\/news-storys\/laengere-grippewelle-dieses-jahr\/\"]}]},{\"@type\":\"ImageObject\",\"inLanguage\":\"de\",\"@id\":\"https:\/\/gesundheitsberatung.com\/gesundheit\/news-storys\/laengere-grippewelle-dieses-jahr\/#primaryimage\",\"url\":\"https:\/\/gesundheitsberatung.com\/gesundheit\/wp-content\/uploads\/sites\/4\/Laengere_Grippewelle_Jahr.jpg\",\"contentUrl\":\"https:\/\/gesundheitsberatung.com\/gesundheit\/wp-content\/uploads\/sites\/4\/Laengere_Grippewelle_Jahr.jpg\",\"width\":1024,\"height\":682,\"caption\":\"L\u00e4ngere Grippewelle dieses Jahr\"},{\"@type\":\"BreadcrumbList\",\"@id\":\"https:\/\/gesundheitsberatung.com\/gesundheit\/news-storys\/laengere-grippewelle-dieses-jahr\/#breadcrumb\",\"itemListElement\":[{\"@type\":\"ListItem\",\"position\":1,\"name\":\"Home\",\"item\":\"https:\/\/gesundheitsberatung.com\/gesundheit\/\"},{\"@type\":\"ListItem\",\"position\":2,\"name\":\"News &amp; Storys\",\"item\":\"https:\/\/gesundheitsberatung.com\/gesundheit\/magazin\/news-storys\/\"},{\"@type\":\"ListItem\",\"position\":3,\"name\":\"L\u00e4ngere Grippewelle dieses Jahr\"}]},{\"@type\":\"WebSite\",\"@id\":\"https:\/\/gesundheitsberatung.com\/gesundheit\/#website\",\"url\":\"https:\/\/gesundheitsberatung.com\/gesundheit\/\",\"name\":\"Gesundheit\",\"description\":\"Gesundheit \u260e Beratung durch Gesundheitsberater! Jetzt Gratis-Beratung sichern: \u2714 \u00c4rzte \u2714 Well Aging Trainer \u2714 Heilpraktiker \u2714 Entspannungstherapeuten \u2714 Frauenheilkunde Berater bei Vistano Gesundheit.\",\"potentialAction\":[{\"@type\":\"SearchAction\",\"target\":{\"@type\":\"EntryPoint\",\"urlTemplate\":\"https:\/\/gesundheitsberatung.com\/gesundheit\/?s={search_term_string}\"},\"query-input\":{\"@type\":\"PropertyValueSpecification\",\"valueRequired\":true,\"valueName\":\"search_term_string\"}}],\"inLanguage\":\"de\"},{\"@type\":\"Person\",\"@id\":\"https:\/\/gesundheitsberatung.com\/gesundheit\/#\/schema\/person\/ef95dd512e246837e5c8b258fef765bf\",\"name\":\"Laura Behm\",\"description\":\"Redakteurin bei Vistano Lebensberatung\",\"sameAs\":[\"http:\/\/www.vistano.com\/\"]}]}<\/script>\n<!-- \/ Yoast SEO plugin. -->","yoast_head_json":{"title":"L\u00e4ngere Grippewelle dieses Jahr &#187; Gesundheit","description":"Bereits im Vorjahr fiel die Grippewelle sehr heftig aus. Doch auch jetzt erkranken mehr und mehr Menschen an Influenza, die betroffene Personengruppe ist","robots":{"index":"index","follow":"follow","max-snippet":"max-snippet:-1","max-image-preview":"max-image-preview:large","max-video-preview":"max-video-preview:-1"},"canonical":"https:\/\/gesundheitsberatung.com\/gesundheit\/news-storys\/laengere-grippewelle-dieses-jahr\/","og_locale":"de_DE","og_type":"article","og_title":"L\u00e4ngere Grippewelle dieses Jahr &#187; Gesundheit","og_description":"Bereits im Vorjahr fiel die Grippewelle sehr heftig aus. Doch auch jetzt erkranken mehr und mehr Menschen an Influenza, die betroffene Personengruppe ist","og_url":"https:\/\/gesundheitsberatung.com\/gesundheit\/news-storys\/laengere-grippewelle-dieses-jahr\/","og_site_name":"Gesundheit","article_publisher":"https:\/\/www.facebook.com\/gesundheitsberatung\/","article_published_time":"2016-04-26T12:50:02+00:00","article_modified_time":"2023-06-03T19:05:32+00:00","og_image":[{"width":1024,"height":682,"url":"https:\/\/gesundheitsberatung.com\/gesundheit\/wp-content\/uploads\/sites\/4\/Laengere_Grippewelle_Jahr.jpg","type":"image\/jpeg"}],"author":"Laura Behm","twitter_card":"summary_large_image","twitter_creator":"@Vistano","twitter_site":"@Vistano","schema":{"@context":"https:\/\/schema.org","@graph":[{"@type":"WebPage","@id":"https:\/\/gesundheitsberatung.com\/gesundheit\/news-storys\/laengere-grippewelle-dieses-jahr\/","url":"https:\/\/gesundheitsberatung.com\/gesundheit\/news-storys\/laengere-grippewelle-dieses-jahr\/","name":"L\u00e4ngere Grippewelle dieses Jahr &#187; Gesundheit","isPartOf":{"@id":"https:\/\/gesundheitsberatung.com\/gesundheit\/#website"},"primaryImageOfPage":{"@id":"https:\/\/gesundheitsberatung.com\/gesundheit\/news-storys\/laengere-grippewelle-dieses-jahr\/#primaryimage"},"image":{"@id":"https:\/\/gesundheitsberatung.com\/gesundheit\/news-storys\/laengere-grippewelle-dieses-jahr\/#primaryimage"},"thumbnailUrl":"https:\/\/gesundheitsberatung.com\/gesundheit\/wp-content\/uploads\/sites\/4\/Laengere_Grippewelle_Jahr.jpg","datePublished":"2016-04-26T12:50:02+00:00","dateModified":"2023-06-03T19:05:32+00:00","author":{"@id":"https:\/\/gesundheitsberatung.com\/gesundheit\/#\/schema\/person\/ef95dd512e246837e5c8b258fef765bf"},"description":"Bereits im Vorjahr fiel die Grippewelle sehr heftig aus. Doch auch jetzt erkranken mehr und mehr Menschen an Influenza, die betroffene Personengruppe ist","breadcrumb":{"@id":"https:\/\/gesundheitsberatung.com\/gesundheit\/news-storys\/laengere-grippewelle-dieses-jahr\/#breadcrumb"},"inLanguage":"de","potentialAction":[{"@type":"ReadAction","target":["https:\/\/gesundheitsberatung.com\/gesundheit\/news-storys\/laengere-grippewelle-dieses-jahr\/"]}]},{"@type":"ImageObject","inLanguage":"de","@id":"https:\/\/gesundheitsberatung.com\/gesundheit\/news-storys\/laengere-grippewelle-dieses-jahr\/#primaryimage","url":"https:\/\/gesundheitsberatung.com\/gesundheit\/wp-content\/uploads\/sites\/4\/Laengere_Grippewelle_Jahr.jpg","contentUrl":"https:\/\/gesundheitsberatung.com\/gesundheit\/wp-content\/uploads\/sites\/4\/Laengere_Grippewelle_Jahr.jpg","width":1024,"height":682,"caption":"L\u00e4ngere Grippewelle dieses Jahr"},{"@type":"BreadcrumbList","@id":"https:\/\/gesundheitsberatung.com\/gesundheit\/news-storys\/laengere-grippewelle-dieses-jahr\/#breadcrumb","itemListElement":[{"@type":"ListItem","position":1,"name":"Home","item":"https:\/\/gesundheitsberatung.com\/gesundheit\/"},{"@type":"ListItem","position":2,"name":"News &amp; Storys","item":"https:\/\/gesundheitsberatung.com\/gesundheit\/magazin\/news-storys\/"},{"@type":"ListItem","position":3,"name":"L\u00e4ngere Grippewelle dieses Jahr"}]},{"@type":"WebSite","@id":"https:\/\/gesundheitsberatung.com\/gesundheit\/#website","url":"https:\/\/gesundheitsberatung.com\/gesundheit\/","name":"Gesundheit","description":"Gesundheit \u260e Beratung durch Gesundheitsberater! Jetzt Gratis-Beratung sichern: \u2714 \u00c4rzte \u2714 Well Aging Trainer \u2714 Heilpraktiker \u2714 Entspannungstherapeuten \u2714 Frauenheilkunde Berater bei Vistano Gesundheit.","potentialAction":[{"@type":"SearchAction","target":{"@type":"EntryPoint","urlTemplate":"https:\/\/gesundheitsberatung.com\/gesundheit\/?s={search_term_string}"},"query-input":{"@type":"PropertyValueSpecification","valueRequired":true,"valueName":"search_term_string"}}],"inLanguage":"de"},{"@type":"Person","@id":"https:\/\/gesundheitsberatung.com\/gesundheit\/#\/schema\/person\/ef95dd512e246837e5c8b258fef765bf","name":"Laura Behm","description":"Redakteurin bei Vistano Lebensberatung","sameAs":["http:\/\/www.vistano.com\/"]}]}},"_links":{"self":[{"href":"https:\/\/gesundheitsberatung.com\/gesundheit\/wp-json\/wp\/v2\/posts\/20418","targetHints":{"allow":["GET"]}}],"collection":[{"href":"https:\/\/gesundheitsberatung.com\/gesundheit\/wp-json\/wp\/v2\/posts"}],"about":[{"href":"https:\/\/gesundheitsberatung.com\/gesundheit\/wp-json\/wp\/v2\/types\/post"}],"author":[{"embeddable":true,"href":"https:\/\/gesundheitsberatung.com\/gesundheit\/wp-json\/wp\/v2\/users\/9"}],"replies":[{"embeddable":true,"href":"https:\/\/gesundheitsberatung.com\/gesundheit\/wp-json\/wp\/v2\/comments?post=20418"}],"version-history":[{"count":0,"href":"https:\/\/gesundheitsberatung.com\/gesundheit\/wp-json\/wp\/v2\/posts\/20418\/revisions"}],"wp:featuredmedia":[{"embeddable":true,"href":"https:\/\/gesundheitsberatung.com\/gesundheit\/wp-json\/wp\/v2\/media\/20444"}],"wp:attachment":[{"href":"https:\/\/gesundheitsberatung.com\/gesundheit\/wp-json\/wp\/v2\/media?parent=20418"}],"wp:term":[{"taxonomy":"category","embeddable":true,"href":"https:\/\/gesundheitsberatung.com\/gesundheit\/wp-json\/wp\/v2\/categories?post=20418"},{"taxonomy":"post_tag","embeddable":true,"href":"https:\/\/gesundheitsberatung.com\/gesundheit\/wp-json\/wp\/v2\/tags?post=20418"}],"curies":[{"name":"wp","href":"https:\/\/api.w.org\/{rel}","templated":true}]}}