{"id":9442,"date":"2015-03-13T14:08:10","date_gmt":"2015-03-13T13:08:10","guid":{"rendered":"http:\/\/gesundheitsberatung.com\/ernaehrung\/?p=9442"},"modified":"2023-06-03T20:40:36","modified_gmt":"2023-06-03T18:40:36","slug":"fairer-fairtrade-kaffee","status":"publish","type":"post","link":"https:\/\/gesundheitsberatung.com\/ernaehrung\/news-storys\/fairer-fairtrade-kaffee\/","title":{"rendered":"Fairer Fairtrade-Kaffee?"},"content":{"rendered":"<p><b>Fairtrade-Kaffee <\/b>klingt nach Verhei\u00dfung: Ich zahle mehr f\u00fcr meinen Kaffee \u2013 nur einige wenige Cent mehr \u2013 und mache die Welt f\u00fcr einen Kaffeebauern ein kleines St\u00fcck besser. Die Deutschen glauben dieser Vorstellung gern: In keinem anderen Land nimmt der Konsum von Fairtrade-Kaffee so schnell zu wie hierzulande. Mittlerweile gibt es 2000 verschiedene Produkte, die in 42.000 Superm\u00e4rkten verkauft werden. Der Umsatz mit Fairtrade-Produkten stieg gegen\u00fcber dem Vorjahr um fast ein Viertel. Mehr als 11.000 Tonnen Fairtrade-Kaffee wurden im vergangenen Jahr gemahlen. Zwar betr\u00e4gt der Marktanteil noch nur 2%, aber der Trend zu Fairtrade-Kaffee ist ungebrochen. Nun gelangen Wissenschaftler aber zu der Erkenntnis, dass Fairtrade-Kaffee nicht so fair ist, wie er scheint.<\/p>\n<h3>Das Prinzip Fairtrade<\/h3>\n<p>Wie funktioniert Fairtrade? Fairtrade verspricht den Kaffeebauern neben bezahltem Urlaub, sozialer Vorsorge einen Mindestpreis von aktuell 1,40 US-Dollar pro Pfund als Schutz vor den Schwankungen des Marktpreises. Dazu kommt eine Pr\u00e4mie von 20 Cent und ein Bio-Aufschlag von 30 Cent.<\/p>\n<p>Diesen Preis bekommen die Kaffeebauern auch dann, wenn der Marktpreis darunter liegt. Liegt der Marktpreis h\u00f6her, erhalten sie prozentuale Aufschl\u00e4ge f\u00fcr ihren Fairtrade-Kaffee. Allerdings m\u00fcssen die Kaffeebauern zun\u00e4chst eine Antragsgeb\u00fchr in H\u00f6he von 525 Euro, eine Zertifizierungsgeb\u00fchr in H\u00f6he von 2.250 Euro sowie weitere j\u00e4hrliche Geb\u00fchren (f\u00fcr Beratungsleistungen zur Steigerung der Produktivit\u00e4t, wie es bei Fairtrade hei\u00dft) entrichten.<\/p>\n<h3>Wissenschaftliche Studien<\/h3>\n<p>Wissenschaftler gelangen nun zu dem Ergebnis, dass Fairtrade-Kaffee nur eine \u00e4u\u00dferst geringe Wirkung auf die Produzenten habe. Fairtrade-Kaffee sei eines der ineffizientesten Mittel zur Armutsbek\u00e4mpfung. Die Wissenschaftler belegen dies mit Zahlen, nach denen die L\u00f6hne bei Produzenten ohne Fairtrade-Label mindestens genauso hoch oder gar h\u00f6her l\u00e4gen.<\/p>\n<p>Und eine weitere Studie kritisiert die genannten hohen Zertifizierungsgeb\u00fchren, welche die wirtschaftlichen Vorteile durch die Zahlung eines Mindestpreises aufheben w\u00fcrden. Eine von Fairtrade in Auftrag gegebene Studie gelangt hingegen zu einem ganz anderen Ergebnis: Kaffeebauern auf Plantagen mit Fairtrade-Kaffee k\u00f6nnten h\u00f6here und stabilere Einkommen verzeichnen.<\/p>\n<h3>Qualit\u00e4t des Fairtrade-Kaffees<\/h3>\n<p>Daneben erkennen die Wissenschaftler noch einen weiteren Systemfehler. Da Fairtrade nur einen Teil des Kaffees abnimmt, verkauft der Kaffeebauer die Kaffeebohnen guter Qualit\u00e4t auf dem freien Markt und erh\u00e4lt dort einen relativ hohen Preis, w\u00e4hrend er die Kaffeebohnen schlechter Qualit\u00e4t Fairtrade verkauft und daf\u00fcr die Mindestverg\u00fctung erh\u00e4lt, die \u00fcber dem Marktpreis f\u00fcr Bohnen dieser Qualit\u00e4t liegt. Die Frage bleibt also, ob Fairtrade-Kaffee gleichzeitig auch fair und gut f\u00fcr Produzent und Verbraucher ist?<\/p>\n","protected":false},"excerpt":{"rendered":"<p>Fairtrade-Kaffee klingt nach Verhei\u00dfung: Ich zahle mehr f\u00fcr meinen Kaffee \u2013 nur einige wenige Cent mehr \u2013 und mache die Welt f\u00fcr einen Kaffeebauern ein kleines St\u00fcck besser. Die Deutschen glauben dieser Vorstellung gern: In keinem anderen Land nimmt der Konsum von Fairtrade-Kaffee so schnell zu wie hierzulande. Mittlerweile gibt es 2000 verschiedene Produkte, die [&hellip;]<\/p>\n","protected":false},"author":9,"featured_media":9618,"comment_status":"closed","ping_status":"closed","sticky":false,"template":"","format":"standard","meta":{"footnotes":""},"categories":[1,4888],"tags":[4904,2110,167,2111,2112,331],"class_list":["post-9442","post","type-post","status-publish","format-standard","has-post-thumbnail","hentry","category-news-storys","category-wissenswertes","tag-essen-lebenslage","tag-fairtrade-kaffee-studien","tag-kaffee","tag-kritik-fairtrade-kaffee","tag-qualitaet-fairtrade-kaffee","tag-trinken"],"yoast_head":"<!-- This site is optimized with the Yoast SEO plugin v26.0 - https:\/\/yoast.com\/wordpress\/plugins\/seo\/ -->\n<title>Fairer Fairtrade-Kaffee? &#187; Ern\u00e4hrung<\/title>\n<meta name=\"description\" content=\"Fairtrade-Kaffee klingt nach Verhei\u00dfung: Ich zahle mehr f\u00fcr meinen Kaffee \u2013 nur einige wenige Cent mehr \u2013 und mache die Welt f\u00fcr einen Kaffeebauern ein\" \/>\n<meta name=\"robots\" content=\"index, follow, max-snippet:-1, max-image-preview:large, max-video-preview:-1\" \/>\n<link rel=\"canonical\" href=\"https:\/\/gesundheitsberatung.com\/ernaehrung\/news-storys\/fairer-fairtrade-kaffee\/\" \/>\n<meta property=\"og:locale\" content=\"de_DE\" \/>\n<meta property=\"og:type\" content=\"article\" \/>\n<meta property=\"og:title\" content=\"Fairer Fairtrade-Kaffee? &#187; Ern\u00e4hrung\" \/>\n<meta property=\"og:description\" content=\"Fairtrade-Kaffee klingt nach Verhei\u00dfung: Ich zahle mehr f\u00fcr meinen Kaffee \u2013 nur einige wenige Cent mehr \u2013 und mache die Welt f\u00fcr einen Kaffeebauern ein\" \/>\n<meta property=\"og:url\" content=\"https:\/\/gesundheitsberatung.com\/ernaehrung\/news-storys\/fairer-fairtrade-kaffee\/\" \/>\n<meta property=\"og:site_name\" content=\"Ern\u00e4hrung\" \/>\n<meta property=\"article:publisher\" content=\"https:\/\/www.facebook.com\/ernaehrung\/\" \/>\n<meta property=\"article:published_time\" content=\"2015-03-13T13:08:10+00:00\" \/>\n<meta property=\"article:modified_time\" content=\"2023-06-03T18:40:36+00:00\" \/>\n<meta property=\"og:image\" content=\"https:\/\/gesundheitsberatung.com\/ernaehrung\/wp-content\/uploads\/sites\/3\/Fairer-fairtrade-kaffee.jpg\" \/>\n\t<meta property=\"og:image:width\" content=\"1024\" \/>\n\t<meta property=\"og:image:height\" content=\"683\" \/>\n\t<meta property=\"og:image:type\" content=\"image\/jpeg\" \/>\n<meta name=\"author\" content=\"Laura Behm\" \/>\n<meta name=\"twitter:card\" content=\"summary_large_image\" \/>\n<meta name=\"twitter:creator\" content=\"@Vistano\" \/>\n<meta name=\"twitter:site\" content=\"@Vistano\" \/>\n<script type=\"application\/ld+json\" class=\"yoast-schema-graph\">{\"@context\":\"https:\/\/schema.org\",\"@graph\":[{\"@type\":\"WebPage\",\"@id\":\"https:\/\/gesundheitsberatung.com\/ernaehrung\/news-storys\/fairer-fairtrade-kaffee\/\",\"url\":\"https:\/\/gesundheitsberatung.com\/ernaehrung\/news-storys\/fairer-fairtrade-kaffee\/\",\"name\":\"Fairer Fairtrade-Kaffee? &#187; Ern\u00e4hrung\",\"isPartOf\":{\"@id\":\"https:\/\/gesundheitsberatung.com\/ernaehrung\/#website\"},\"primaryImageOfPage\":{\"@id\":\"https:\/\/gesundheitsberatung.com\/ernaehrung\/news-storys\/fairer-fairtrade-kaffee\/#primaryimage\"},\"image\":{\"@id\":\"https:\/\/gesundheitsberatung.com\/ernaehrung\/news-storys\/fairer-fairtrade-kaffee\/#primaryimage\"},\"thumbnailUrl\":\"https:\/\/gesundheitsberatung.com\/ernaehrung\/wp-content\/uploads\/sites\/3\/Fairer-fairtrade-kaffee.jpg\",\"datePublished\":\"2015-03-13T13:08:10+00:00\",\"dateModified\":\"2023-06-03T18:40:36+00:00\",\"author\":{\"@id\":\"https:\/\/gesundheitsberatung.com\/ernaehrung\/#\/schema\/person\/ef95dd512e246837e5c8b258fef765bf\"},\"description\":\"Fairtrade-Kaffee klingt nach Verhei\u00dfung: Ich zahle mehr f\u00fcr meinen Kaffee \u2013 nur einige wenige Cent mehr \u2013 und mache die Welt f\u00fcr einen Kaffeebauern ein\",\"breadcrumb\":{\"@id\":\"https:\/\/gesundheitsberatung.com\/ernaehrung\/news-storys\/fairer-fairtrade-kaffee\/#breadcrumb\"},\"inLanguage\":\"de\",\"potentialAction\":[{\"@type\":\"ReadAction\",\"target\":[\"https:\/\/gesundheitsberatung.com\/ernaehrung\/news-storys\/fairer-fairtrade-kaffee\/\"]}]},{\"@type\":\"ImageObject\",\"inLanguage\":\"de\",\"@id\":\"https:\/\/gesundheitsberatung.com\/ernaehrung\/news-storys\/fairer-fairtrade-kaffee\/#primaryimage\",\"url\":\"https:\/\/gesundheitsberatung.com\/ernaehrung\/wp-content\/uploads\/sites\/3\/Fairer-fairtrade-kaffee.jpg\",\"contentUrl\":\"https:\/\/gesundheitsberatung.com\/ernaehrung\/wp-content\/uploads\/sites\/3\/Fairer-fairtrade-kaffee.jpg\",\"width\":1024,\"height\":683,\"caption\":\"Fairer Fairtrade-Kaffee?\"},{\"@type\":\"BreadcrumbList\",\"@id\":\"https:\/\/gesundheitsberatung.com\/ernaehrung\/news-storys\/fairer-fairtrade-kaffee\/#breadcrumb\",\"itemListElement\":[{\"@type\":\"ListItem\",\"position\":1,\"name\":\"Home\",\"item\":\"https:\/\/gesundheitsberatung.com\/ernaehrung\/\"},{\"@type\":\"ListItem\",\"position\":2,\"name\":\"News &amp; Storys\",\"item\":\"https:\/\/gesundheitsberatung.com\/ernaehrung\/magazin\/news-storys\/\"},{\"@type\":\"ListItem\",\"position\":3,\"name\":\"Fairer Fairtrade-Kaffee?\"}]},{\"@type\":\"WebSite\",\"@id\":\"https:\/\/gesundheitsberatung.com\/ernaehrung\/#website\",\"url\":\"https:\/\/gesundheitsberatung.com\/ernaehrung\/\",\"name\":\"Ern\u00e4hrung\",\"description\":\"Ern\u00e4hrung \u260e Beratung durch Ern\u00e4hrungsberater! Jetzt Gratis-Beratung sichern: \u2714 \u00c4rzte \u2714 Heilpraktiker \u2714 Weight Coaches \u2714 Ern\u00e4hrungswissenschaftler \u2714 Di\u00e4tassistenten \u2714 Sportern\u00e4hrung bei Vistano Ern\u00e4hrung.\",\"potentialAction\":[{\"@type\":\"SearchAction\",\"target\":{\"@type\":\"EntryPoint\",\"urlTemplate\":\"https:\/\/gesundheitsberatung.com\/ernaehrung\/?s={search_term_string}\"},\"query-input\":{\"@type\":\"PropertyValueSpecification\",\"valueRequired\":true,\"valueName\":\"search_term_string\"}}],\"inLanguage\":\"de\"},{\"@type\":\"Person\",\"@id\":\"https:\/\/gesundheitsberatung.com\/ernaehrung\/#\/schema\/person\/ef95dd512e246837e5c8b258fef765bf\",\"name\":\"Laura Behm\",\"description\":\"Redakteurin bei Vistano Lebensberatung\",\"sameAs\":[\"http:\/\/www.vistano.com\/\"]}]}<\/script>\n<!-- \/ Yoast SEO plugin. -->","yoast_head_json":{"title":"Fairer Fairtrade-Kaffee? &#187; Ern\u00e4hrung","description":"Fairtrade-Kaffee klingt nach Verhei\u00dfung: Ich zahle mehr f\u00fcr meinen Kaffee \u2013 nur einige wenige Cent mehr \u2013 und mache die Welt f\u00fcr einen Kaffeebauern ein","robots":{"index":"index","follow":"follow","max-snippet":"max-snippet:-1","max-image-preview":"max-image-preview:large","max-video-preview":"max-video-preview:-1"},"canonical":"https:\/\/gesundheitsberatung.com\/ernaehrung\/news-storys\/fairer-fairtrade-kaffee\/","og_locale":"de_DE","og_type":"article","og_title":"Fairer Fairtrade-Kaffee? &#187; Ern\u00e4hrung","og_description":"Fairtrade-Kaffee klingt nach Verhei\u00dfung: Ich zahle mehr f\u00fcr meinen Kaffee \u2013 nur einige wenige Cent mehr \u2013 und mache die Welt f\u00fcr einen Kaffeebauern ein","og_url":"https:\/\/gesundheitsberatung.com\/ernaehrung\/news-storys\/fairer-fairtrade-kaffee\/","og_site_name":"Ern\u00e4hrung","article_publisher":"https:\/\/www.facebook.com\/ernaehrung\/","article_published_time":"2015-03-13T13:08:10+00:00","article_modified_time":"2023-06-03T18:40:36+00:00","og_image":[{"width":1024,"height":683,"url":"https:\/\/gesundheitsberatung.com\/ernaehrung\/wp-content\/uploads\/sites\/3\/Fairer-fairtrade-kaffee.jpg","type":"image\/jpeg"}],"author":"Laura Behm","twitter_card":"summary_large_image","twitter_creator":"@Vistano","twitter_site":"@Vistano","schema":{"@context":"https:\/\/schema.org","@graph":[{"@type":"WebPage","@id":"https:\/\/gesundheitsberatung.com\/ernaehrung\/news-storys\/fairer-fairtrade-kaffee\/","url":"https:\/\/gesundheitsberatung.com\/ernaehrung\/news-storys\/fairer-fairtrade-kaffee\/","name":"Fairer Fairtrade-Kaffee? &#187; Ern\u00e4hrung","isPartOf":{"@id":"https:\/\/gesundheitsberatung.com\/ernaehrung\/#website"},"primaryImageOfPage":{"@id":"https:\/\/gesundheitsberatung.com\/ernaehrung\/news-storys\/fairer-fairtrade-kaffee\/#primaryimage"},"image":{"@id":"https:\/\/gesundheitsberatung.com\/ernaehrung\/news-storys\/fairer-fairtrade-kaffee\/#primaryimage"},"thumbnailUrl":"https:\/\/gesundheitsberatung.com\/ernaehrung\/wp-content\/uploads\/sites\/3\/Fairer-fairtrade-kaffee.jpg","datePublished":"2015-03-13T13:08:10+00:00","dateModified":"2023-06-03T18:40:36+00:00","author":{"@id":"https:\/\/gesundheitsberatung.com\/ernaehrung\/#\/schema\/person\/ef95dd512e246837e5c8b258fef765bf"},"description":"Fairtrade-Kaffee klingt nach Verhei\u00dfung: Ich zahle mehr f\u00fcr meinen Kaffee \u2013 nur einige wenige Cent mehr \u2013 und mache die Welt f\u00fcr einen Kaffeebauern ein","breadcrumb":{"@id":"https:\/\/gesundheitsberatung.com\/ernaehrung\/news-storys\/fairer-fairtrade-kaffee\/#breadcrumb"},"inLanguage":"de","potentialAction":[{"@type":"ReadAction","target":["https:\/\/gesundheitsberatung.com\/ernaehrung\/news-storys\/fairer-fairtrade-kaffee\/"]}]},{"@type":"ImageObject","inLanguage":"de","@id":"https:\/\/gesundheitsberatung.com\/ernaehrung\/news-storys\/fairer-fairtrade-kaffee\/#primaryimage","url":"https:\/\/gesundheitsberatung.com\/ernaehrung\/wp-content\/uploads\/sites\/3\/Fairer-fairtrade-kaffee.jpg","contentUrl":"https:\/\/gesundheitsberatung.com\/ernaehrung\/wp-content\/uploads\/sites\/3\/Fairer-fairtrade-kaffee.jpg","width":1024,"height":683,"caption":"Fairer Fairtrade-Kaffee?"},{"@type":"BreadcrumbList","@id":"https:\/\/gesundheitsberatung.com\/ernaehrung\/news-storys\/fairer-fairtrade-kaffee\/#breadcrumb","itemListElement":[{"@type":"ListItem","position":1,"name":"Home","item":"https:\/\/gesundheitsberatung.com\/ernaehrung\/"},{"@type":"ListItem","position":2,"name":"News &amp; Storys","item":"https:\/\/gesundheitsberatung.com\/ernaehrung\/magazin\/news-storys\/"},{"@type":"ListItem","position":3,"name":"Fairer Fairtrade-Kaffee?"}]},{"@type":"WebSite","@id":"https:\/\/gesundheitsberatung.com\/ernaehrung\/#website","url":"https:\/\/gesundheitsberatung.com\/ernaehrung\/","name":"Ern\u00e4hrung","description":"Ern\u00e4hrung \u260e Beratung durch Ern\u00e4hrungsberater! Jetzt Gratis-Beratung sichern: \u2714 \u00c4rzte \u2714 Heilpraktiker \u2714 Weight Coaches \u2714 Ern\u00e4hrungswissenschaftler \u2714 Di\u00e4tassistenten \u2714 Sportern\u00e4hrung bei Vistano Ern\u00e4hrung.","potentialAction":[{"@type":"SearchAction","target":{"@type":"EntryPoint","urlTemplate":"https:\/\/gesundheitsberatung.com\/ernaehrung\/?s={search_term_string}"},"query-input":{"@type":"PropertyValueSpecification","valueRequired":true,"valueName":"search_term_string"}}],"inLanguage":"de"},{"@type":"Person","@id":"https:\/\/gesundheitsberatung.com\/ernaehrung\/#\/schema\/person\/ef95dd512e246837e5c8b258fef765bf","name":"Laura Behm","description":"Redakteurin bei Vistano Lebensberatung","sameAs":["http:\/\/www.vistano.com\/"]}]}},"_links":{"self":[{"href":"https:\/\/gesundheitsberatung.com\/ernaehrung\/wp-json\/wp\/v2\/posts\/9442","targetHints":{"allow":["GET"]}}],"collection":[{"href":"https:\/\/gesundheitsberatung.com\/ernaehrung\/wp-json\/wp\/v2\/posts"}],"about":[{"href":"https:\/\/gesundheitsberatung.com\/ernaehrung\/wp-json\/wp\/v2\/types\/post"}],"author":[{"embeddable":true,"href":"https:\/\/gesundheitsberatung.com\/ernaehrung\/wp-json\/wp\/v2\/users\/9"}],"replies":[{"embeddable":true,"href":"https:\/\/gesundheitsberatung.com\/ernaehrung\/wp-json\/wp\/v2\/comments?post=9442"}],"version-history":[{"count":0,"href":"https:\/\/gesundheitsberatung.com\/ernaehrung\/wp-json\/wp\/v2\/posts\/9442\/revisions"}],"wp:featuredmedia":[{"embeddable":true,"href":"https:\/\/gesundheitsberatung.com\/ernaehrung\/wp-json\/wp\/v2\/media\/9618"}],"wp:attachment":[{"href":"https:\/\/gesundheitsberatung.com\/ernaehrung\/wp-json\/wp\/v2\/media?parent=9442"}],"wp:term":[{"taxonomy":"category","embeddable":true,"href":"https:\/\/gesundheitsberatung.com\/ernaehrung\/wp-json\/wp\/v2\/categories?post=9442"},{"taxonomy":"post_tag","embeddable":true,"href":"https:\/\/gesundheitsberatung.com\/ernaehrung\/wp-json\/wp\/v2\/tags?post=9442"}],"curies":[{"name":"wp","href":"https:\/\/api.w.org\/{rel}","templated":true}]}}