{"id":9430,"date":"2015-11-17T13:26:00","date_gmt":"2015-11-17T12:26:00","guid":{"rendered":"http:\/\/gesundheitsberatung.com\/ernaehrung\/?p=9430"},"modified":"2023-06-03T20:35:35","modified_gmt":"2023-06-03T18:35:35","slug":"power-gruenkohl-als-superfood","status":"publish","type":"post","link":"https:\/\/gesundheitsberatung.com\/ernaehrung\/superfood\/power-gruenkohl-als-superfood\/","title":{"rendered":"Power Gr\u00fcnkohl als Superfood"},"content":{"rendered":"<p><b>Gr\u00fcnkohl <\/b>wird unter hiesigen Ern\u00e4hrungswissenschaftlern gerne als Superfood oder Powerkohl gehandelt. Vor allem die sekund\u00e4ren Pflanzenstoffe und Antioxidantien dienen uns als Schutz gegen diverse Krankheiten \u2013 solange der Gr\u00fcnkohl schonend zubereitet wird. Diverse Vorr\u00e4te an Vitamin A, C und K, Fols\u00e4ure, Kalium, Magnesium, Calcium sowie Omega-3-Fetts\u00e4uren und Ballaststoffe machen ihn zum Allrounder in unserer K\u00fcche, der einiges im Petto hat.<\/p>\n<h3>Gr\u00fcnkohl hemmt Entz\u00fcndungen<\/h3>\n<p>Die entz\u00fcndungshemmende Wirkung des Gr\u00fcnkohls schreiben Wissenschaftler insbesondere dem hohen Anteil an Omega-3-Fetts\u00e4uren zu. Eine durschnittliche Portion Gr\u00fcnkohl deckt mit 120 mg etwa ein Drittel des Tagesbedarfs eines Erwachsenen. Die entz\u00fcndungshemmenden Eigenschaften beugen somit auch chronischen Erkrankungen vor, wie beispielsweise der rheumatischen Arthritis. In 100g Gr\u00fcnkohl sind ferner etwa 250 \u00b5g Vitamin K enthalten, die Fetts\u00e4uren beim Unterbinden der Entz\u00fcndungen unterst\u00fctzen. Unseren Tagesbedarf an Vitamin K h\u00e4tten wir mit 30g Gr\u00fcnkohl bereits erreicht.<\/p>\n<h3>Gr\u00fcnkohl gegen Krebs<\/h3>\n<p>Umfangreichen Studien zufolge sind die Inhaltsstoffe des Gr\u00fcnkohls \u00e4u\u00dferst wirksam im Kampf gegen den Krebs bzw. zu dessen Vorsorge. Hierf\u00fcr sind insbesondere die Antioxidantien wie Carotinoide und Flavonoide verantwortlich, die unseren Stoffwechsel vor oxidativem Stress bewahren. Beim hochwirksamen Betacarotin konnte beispielsweise die Vermengung vom Verdauungstrakt bis ins Blut nachgewiesen werden, womit eine diffizile Verteilung gew\u00e4hrleistet wird. In Verbindung mit dem ebenfalls entz\u00fcndungshemmenden Lutein beugen diese N\u00e4hrstoffe des Gr\u00fcnkohls chronischen Entz\u00fcndungen und somit dem Krebsrisiko effektiv vor. Besonders geeignet ist Gr\u00fcnkohl zur Pr\u00e4vention des Eierstock-, Prostata-, Blasen-, Darm- und Brustkrebs. Gr\u00fcnkohl beinhaltet dar\u00fcber hinaus mindestens f\u00fcnf nachgewiesene Senf\u00f6le, die ihrerseits selbst wieder zur Vorsorge aber auch zur Eliminierung entstandener Tumore beitragen.<\/p>\n<h3>Sulforaphan und Indol-3-Carbionol im Gr\u00fcnkohl<\/h3>\n<p>Die Forschung des im Gr\u00fcnkohl enthaltenen Sulforaphans ist zwar noch l\u00e4ngst nicht abgeschlossen, aber schon jetzt zeigen sich vielversprechende Ergebnisse in der Krebsbek\u00e4mpfung. Das Sulforaphan schw\u00e4cht die Stammzellen der Tumore und unterst\u00fctzt somit Chemotherapien. Ein anderer antioxidativer Inhaltsstoff des Gr\u00fcnkohls ist das Wachstumshormon Indol-3-Carbiol, das vor allem im \u00e4therischen Teil der Senf\u00f6le steckt. Die Hormone sind allerdings nicht in der von uns gew\u00fcnschten Form direkt im Gr\u00fcnkohl enthalten. Erst beim Verarbeiten bzw. beim Besch\u00e4digen der Bl\u00e4tter (Schneiden oder Zerpfl\u00fccken des Kohls) wird aus dem Glucobrassicin Zucker und Indol-3-Carbinol.<\/p>\n<h3>Weitere Highlights des Gr\u00fcnkohls<\/h3>\n<p>Gr\u00fcnkohl enth\u00e4lt wesentlich mehr Eisen als rotes Fleisch und kann somit f\u00fcr Veganer oder Vegetarier zum wichtigen N\u00e4hrstofflieferanten werden. Die zahlreichen Ballaststoffe des Gr\u00fcnkohls sorgen f\u00fcr eine schmerzfreie und umfassende Verdauung. Gr\u00fcnkohl kann etwas abstrakt durchaus als regeneratives Nahrungsmittel angesehen werden, da er nur zwei Monate bis zur Erntereife ben\u00f6tigt.<\/p>\n","protected":false},"excerpt":{"rendered":"<p>Gr\u00fcnkohl wird unter hiesigen Ern\u00e4hrungswissenschaftlern gerne als Superfood oder Powerkohl gehandelt. Vor allem die sekund\u00e4ren Pflanzenstoffe und Antioxidantien dienen uns als Schutz gegen diverse Krankheiten \u2013 solange der Gr\u00fcnkohl schonend zubereitet wird. Diverse Vorr\u00e4te an Vitamin A, C und K, Fols\u00e4ure, Kalium, Magnesium, Calcium sowie Omega-3-Fetts\u00e4uren und Ballaststoffe machen ihn zum Allrounder in unserer K\u00fcche, [&hellip;]<\/p>\n","protected":false},"author":9,"featured_media":10506,"comment_status":"closed","ping_status":"closed","sticky":false,"template":"","format":"standard","meta":{"footnotes":""},"categories":[4891],"tags":[4904,4283,2083,2084,2085,2086,4912,347],"class_list":["post-9430","post","type-post","status-publish","format-standard","has-post-thumbnail","hentry","category-superfood","tag-essen-lebenslage","tag-gesuender-ernaehren","tag-gruenkohl","tag-gruenkohl-entzuendungen","tag-gruenkohl-krebs","tag-gruenkohl-verdauung","tag-nahrung-inhalstsstoffe","tag-vitamine"],"yoast_head":"<!-- This site is optimized with the Yoast SEO plugin v26.0 - https:\/\/yoast.com\/wordpress\/plugins\/seo\/ -->\n<title>Power Gr\u00fcnkohl als Superfood &#187; Ern\u00e4hrung<\/title>\n<meta name=\"description\" content=\"Gr\u00fcnkohl wird unter hiesigen Ern\u00e4hrungswissenschaftlern gerne als Superfood oder Powerkohl gehandelt. Vor allem die sekund\u00e4ren Pflanzenstoffe und\" \/>\n<meta name=\"robots\" content=\"index, follow, max-snippet:-1, max-image-preview:large, max-video-preview:-1\" \/>\n<link rel=\"canonical\" href=\"https:\/\/gesundheitsberatung.com\/ernaehrung\/superfood\/power-gruenkohl-als-superfood\/\" \/>\n<meta property=\"og:locale\" content=\"de_DE\" \/>\n<meta property=\"og:type\" content=\"article\" \/>\n<meta property=\"og:title\" content=\"Power Gr\u00fcnkohl als Superfood &#187; Ern\u00e4hrung\" \/>\n<meta property=\"og:description\" content=\"Gr\u00fcnkohl wird unter hiesigen Ern\u00e4hrungswissenschaftlern gerne als Superfood oder Powerkohl gehandelt. Vor allem die sekund\u00e4ren Pflanzenstoffe und\" \/>\n<meta property=\"og:url\" content=\"https:\/\/gesundheitsberatung.com\/ernaehrung\/superfood\/power-gruenkohl-als-superfood\/\" \/>\n<meta property=\"og:site_name\" content=\"Ern\u00e4hrung\" \/>\n<meta property=\"article:publisher\" content=\"https:\/\/www.facebook.com\/ernaehrung\/\" \/>\n<meta property=\"article:published_time\" content=\"2015-11-17T12:26:00+00:00\" \/>\n<meta property=\"article:modified_time\" content=\"2023-06-03T18:35:35+00:00\" \/>\n<meta property=\"og:image\" content=\"https:\/\/gesundheitsberatung.com\/ernaehrung\/wp-content\/uploads\/sites\/3\/Power_gruenkohl_superfood.jpg\" \/>\n\t<meta property=\"og:image:width\" content=\"1024\" \/>\n\t<meta property=\"og:image:height\" content=\"685\" \/>\n\t<meta property=\"og:image:type\" content=\"image\/jpeg\" \/>\n<meta name=\"author\" content=\"Laura Behm\" \/>\n<meta name=\"twitter:card\" content=\"summary_large_image\" \/>\n<meta name=\"twitter:creator\" content=\"@Vistano\" \/>\n<meta name=\"twitter:site\" content=\"@Vistano\" \/>\n<script type=\"application\/ld+json\" class=\"yoast-schema-graph\">{\"@context\":\"https:\/\/schema.org\",\"@graph\":[{\"@type\":\"WebPage\",\"@id\":\"https:\/\/gesundheitsberatung.com\/ernaehrung\/superfood\/power-gruenkohl-als-superfood\/\",\"url\":\"https:\/\/gesundheitsberatung.com\/ernaehrung\/superfood\/power-gruenkohl-als-superfood\/\",\"name\":\"Power Gr\u00fcnkohl als Superfood &#187; Ern\u00e4hrung\",\"isPartOf\":{\"@id\":\"https:\/\/gesundheitsberatung.com\/ernaehrung\/#website\"},\"primaryImageOfPage\":{\"@id\":\"https:\/\/gesundheitsberatung.com\/ernaehrung\/superfood\/power-gruenkohl-als-superfood\/#primaryimage\"},\"image\":{\"@id\":\"https:\/\/gesundheitsberatung.com\/ernaehrung\/superfood\/power-gruenkohl-als-superfood\/#primaryimage\"},\"thumbnailUrl\":\"https:\/\/gesundheitsberatung.com\/ernaehrung\/wp-content\/uploads\/sites\/3\/Power_gruenkohl_superfood.jpg\",\"datePublished\":\"2015-11-17T12:26:00+00:00\",\"dateModified\":\"2023-06-03T18:35:35+00:00\",\"author\":{\"@id\":\"https:\/\/gesundheitsberatung.com\/ernaehrung\/#\/schema\/person\/ef95dd512e246837e5c8b258fef765bf\"},\"description\":\"Gr\u00fcnkohl wird unter hiesigen Ern\u00e4hrungswissenschaftlern gerne als Superfood oder Powerkohl gehandelt. Vor allem die sekund\u00e4ren Pflanzenstoffe und\",\"breadcrumb\":{\"@id\":\"https:\/\/gesundheitsberatung.com\/ernaehrung\/superfood\/power-gruenkohl-als-superfood\/#breadcrumb\"},\"inLanguage\":\"de\",\"potentialAction\":[{\"@type\":\"ReadAction\",\"target\":[\"https:\/\/gesundheitsberatung.com\/ernaehrung\/superfood\/power-gruenkohl-als-superfood\/\"]}]},{\"@type\":\"ImageObject\",\"inLanguage\":\"de\",\"@id\":\"https:\/\/gesundheitsberatung.com\/ernaehrung\/superfood\/power-gruenkohl-als-superfood\/#primaryimage\",\"url\":\"https:\/\/gesundheitsberatung.com\/ernaehrung\/wp-content\/uploads\/sites\/3\/Power_gruenkohl_superfood.jpg\",\"contentUrl\":\"https:\/\/gesundheitsberatung.com\/ernaehrung\/wp-content\/uploads\/sites\/3\/Power_gruenkohl_superfood.jpg\",\"width\":1024,\"height\":685,\"caption\":\"Power Gr\u00fcnkohl als Superfood\"},{\"@type\":\"BreadcrumbList\",\"@id\":\"https:\/\/gesundheitsberatung.com\/ernaehrung\/superfood\/power-gruenkohl-als-superfood\/#breadcrumb\",\"itemListElement\":[{\"@type\":\"ListItem\",\"position\":1,\"name\":\"Home\",\"item\":\"https:\/\/gesundheitsberatung.com\/ernaehrung\/\"},{\"@type\":\"ListItem\",\"position\":2,\"name\":\"Superfood\",\"item\":\"https:\/\/gesundheitsberatung.com\/ernaehrung\/magazin\/superfood\/\"},{\"@type\":\"ListItem\",\"position\":3,\"name\":\"Power Gr\u00fcnkohl als Superfood\"}]},{\"@type\":\"WebSite\",\"@id\":\"https:\/\/gesundheitsberatung.com\/ernaehrung\/#website\",\"url\":\"https:\/\/gesundheitsberatung.com\/ernaehrung\/\",\"name\":\"Ern\u00e4hrung\",\"description\":\"Ern\u00e4hrung \u260e Beratung durch Ern\u00e4hrungsberater! Jetzt Gratis-Beratung sichern: \u2714 \u00c4rzte \u2714 Heilpraktiker \u2714 Weight Coaches \u2714 Ern\u00e4hrungswissenschaftler \u2714 Di\u00e4tassistenten \u2714 Sportern\u00e4hrung bei Vistano Ern\u00e4hrung.\",\"potentialAction\":[{\"@type\":\"SearchAction\",\"target\":{\"@type\":\"EntryPoint\",\"urlTemplate\":\"https:\/\/gesundheitsberatung.com\/ernaehrung\/?s={search_term_string}\"},\"query-input\":{\"@type\":\"PropertyValueSpecification\",\"valueRequired\":true,\"valueName\":\"search_term_string\"}}],\"inLanguage\":\"de\"},{\"@type\":\"Person\",\"@id\":\"https:\/\/gesundheitsberatung.com\/ernaehrung\/#\/schema\/person\/ef95dd512e246837e5c8b258fef765bf\",\"name\":\"Laura Behm\",\"description\":\"Redakteurin bei Vistano Lebensberatung\",\"sameAs\":[\"http:\/\/www.vistano.com\/\"]}]}<\/script>\n<!-- \/ Yoast SEO plugin. -->","yoast_head_json":{"title":"Power Gr\u00fcnkohl als Superfood &#187; Ern\u00e4hrung","description":"Gr\u00fcnkohl wird unter hiesigen Ern\u00e4hrungswissenschaftlern gerne als Superfood oder Powerkohl gehandelt. Vor allem die sekund\u00e4ren Pflanzenstoffe und","robots":{"index":"index","follow":"follow","max-snippet":"max-snippet:-1","max-image-preview":"max-image-preview:large","max-video-preview":"max-video-preview:-1"},"canonical":"https:\/\/gesundheitsberatung.com\/ernaehrung\/superfood\/power-gruenkohl-als-superfood\/","og_locale":"de_DE","og_type":"article","og_title":"Power Gr\u00fcnkohl als Superfood &#187; Ern\u00e4hrung","og_description":"Gr\u00fcnkohl wird unter hiesigen Ern\u00e4hrungswissenschaftlern gerne als Superfood oder Powerkohl gehandelt. Vor allem die sekund\u00e4ren Pflanzenstoffe und","og_url":"https:\/\/gesundheitsberatung.com\/ernaehrung\/superfood\/power-gruenkohl-als-superfood\/","og_site_name":"Ern\u00e4hrung","article_publisher":"https:\/\/www.facebook.com\/ernaehrung\/","article_published_time":"2015-11-17T12:26:00+00:00","article_modified_time":"2023-06-03T18:35:35+00:00","og_image":[{"width":1024,"height":685,"url":"https:\/\/gesundheitsberatung.com\/ernaehrung\/wp-content\/uploads\/sites\/3\/Power_gruenkohl_superfood.jpg","type":"image\/jpeg"}],"author":"Laura Behm","twitter_card":"summary_large_image","twitter_creator":"@Vistano","twitter_site":"@Vistano","schema":{"@context":"https:\/\/schema.org","@graph":[{"@type":"WebPage","@id":"https:\/\/gesundheitsberatung.com\/ernaehrung\/superfood\/power-gruenkohl-als-superfood\/","url":"https:\/\/gesundheitsberatung.com\/ernaehrung\/superfood\/power-gruenkohl-als-superfood\/","name":"Power Gr\u00fcnkohl als Superfood &#187; Ern\u00e4hrung","isPartOf":{"@id":"https:\/\/gesundheitsberatung.com\/ernaehrung\/#website"},"primaryImageOfPage":{"@id":"https:\/\/gesundheitsberatung.com\/ernaehrung\/superfood\/power-gruenkohl-als-superfood\/#primaryimage"},"image":{"@id":"https:\/\/gesundheitsberatung.com\/ernaehrung\/superfood\/power-gruenkohl-als-superfood\/#primaryimage"},"thumbnailUrl":"https:\/\/gesundheitsberatung.com\/ernaehrung\/wp-content\/uploads\/sites\/3\/Power_gruenkohl_superfood.jpg","datePublished":"2015-11-17T12:26:00+00:00","dateModified":"2023-06-03T18:35:35+00:00","author":{"@id":"https:\/\/gesundheitsberatung.com\/ernaehrung\/#\/schema\/person\/ef95dd512e246837e5c8b258fef765bf"},"description":"Gr\u00fcnkohl wird unter hiesigen Ern\u00e4hrungswissenschaftlern gerne als Superfood oder Powerkohl gehandelt. Vor allem die sekund\u00e4ren Pflanzenstoffe und","breadcrumb":{"@id":"https:\/\/gesundheitsberatung.com\/ernaehrung\/superfood\/power-gruenkohl-als-superfood\/#breadcrumb"},"inLanguage":"de","potentialAction":[{"@type":"ReadAction","target":["https:\/\/gesundheitsberatung.com\/ernaehrung\/superfood\/power-gruenkohl-als-superfood\/"]}]},{"@type":"ImageObject","inLanguage":"de","@id":"https:\/\/gesundheitsberatung.com\/ernaehrung\/superfood\/power-gruenkohl-als-superfood\/#primaryimage","url":"https:\/\/gesundheitsberatung.com\/ernaehrung\/wp-content\/uploads\/sites\/3\/Power_gruenkohl_superfood.jpg","contentUrl":"https:\/\/gesundheitsberatung.com\/ernaehrung\/wp-content\/uploads\/sites\/3\/Power_gruenkohl_superfood.jpg","width":1024,"height":685,"caption":"Power Gr\u00fcnkohl als Superfood"},{"@type":"BreadcrumbList","@id":"https:\/\/gesundheitsberatung.com\/ernaehrung\/superfood\/power-gruenkohl-als-superfood\/#breadcrumb","itemListElement":[{"@type":"ListItem","position":1,"name":"Home","item":"https:\/\/gesundheitsberatung.com\/ernaehrung\/"},{"@type":"ListItem","position":2,"name":"Superfood","item":"https:\/\/gesundheitsberatung.com\/ernaehrung\/magazin\/superfood\/"},{"@type":"ListItem","position":3,"name":"Power Gr\u00fcnkohl als Superfood"}]},{"@type":"WebSite","@id":"https:\/\/gesundheitsberatung.com\/ernaehrung\/#website","url":"https:\/\/gesundheitsberatung.com\/ernaehrung\/","name":"Ern\u00e4hrung","description":"Ern\u00e4hrung \u260e Beratung durch Ern\u00e4hrungsberater! Jetzt Gratis-Beratung sichern: \u2714 \u00c4rzte \u2714 Heilpraktiker \u2714 Weight Coaches \u2714 Ern\u00e4hrungswissenschaftler \u2714 Di\u00e4tassistenten \u2714 Sportern\u00e4hrung bei Vistano Ern\u00e4hrung.","potentialAction":[{"@type":"SearchAction","target":{"@type":"EntryPoint","urlTemplate":"https:\/\/gesundheitsberatung.com\/ernaehrung\/?s={search_term_string}"},"query-input":{"@type":"PropertyValueSpecification","valueRequired":true,"valueName":"search_term_string"}}],"inLanguage":"de"},{"@type":"Person","@id":"https:\/\/gesundheitsberatung.com\/ernaehrung\/#\/schema\/person\/ef95dd512e246837e5c8b258fef765bf","name":"Laura Behm","description":"Redakteurin bei Vistano Lebensberatung","sameAs":["http:\/\/www.vistano.com\/"]}]}},"_links":{"self":[{"href":"https:\/\/gesundheitsberatung.com\/ernaehrung\/wp-json\/wp\/v2\/posts\/9430","targetHints":{"allow":["GET"]}}],"collection":[{"href":"https:\/\/gesundheitsberatung.com\/ernaehrung\/wp-json\/wp\/v2\/posts"}],"about":[{"href":"https:\/\/gesundheitsberatung.com\/ernaehrung\/wp-json\/wp\/v2\/types\/post"}],"author":[{"embeddable":true,"href":"https:\/\/gesundheitsberatung.com\/ernaehrung\/wp-json\/wp\/v2\/users\/9"}],"replies":[{"embeddable":true,"href":"https:\/\/gesundheitsberatung.com\/ernaehrung\/wp-json\/wp\/v2\/comments?post=9430"}],"version-history":[{"count":0,"href":"https:\/\/gesundheitsberatung.com\/ernaehrung\/wp-json\/wp\/v2\/posts\/9430\/revisions"}],"wp:featuredmedia":[{"embeddable":true,"href":"https:\/\/gesundheitsberatung.com\/ernaehrung\/wp-json\/wp\/v2\/media\/10506"}],"wp:attachment":[{"href":"https:\/\/gesundheitsberatung.com\/ernaehrung\/wp-json\/wp\/v2\/media?parent=9430"}],"wp:term":[{"taxonomy":"category","embeddable":true,"href":"https:\/\/gesundheitsberatung.com\/ernaehrung\/wp-json\/wp\/v2\/categories?post=9430"},{"taxonomy":"post_tag","embeddable":true,"href":"https:\/\/gesundheitsberatung.com\/ernaehrung\/wp-json\/wp\/v2\/tags?post=9430"}],"curies":[{"name":"wp","href":"https:\/\/api.w.org\/{rel}","templated":true}]}}