{"id":7850,"date":"2015-03-13T14:32:14","date_gmt":"2015-03-13T13:32:14","guid":{"rendered":"http:\/\/gesundheitsberatung.com\/ernaehrung\/?p=7850"},"modified":"2023-06-03T20:40:19","modified_gmt":"2023-06-03T18:40:19","slug":"kaffee-genuss-seit-fast-500-jahren","status":"publish","type":"post","link":"https:\/\/gesundheitsberatung.com\/ernaehrung\/wissenswertes\/kaffee-genuss-seit-fast-500-jahren\/","title":{"rendered":"Kaffee -Genuss seit fast 500 Jahren"},"content":{"rendered":"<p>In Europa kann sich kaum jemand den Start in den Tag ohne eine oder mehrere Tassen<b>\u00a0Kaffee<\/b>\u00a0vorstellen. Unser geliebtes Hei\u00dfgetr\u00e4nk stammt urspr\u00fcnglich aus dem Orient und wurde nach seiner Ursprungsregion Kaffa benannt. Neben dem anregenden Koffein enth\u00e4lt der Kaffee aber noch viel mehr. Die Frucht des Kaffeestrauchs enth\u00e4lt au\u00dferdem das Vitamin Niacin. Je nach R\u00f6st- und Mahlgrad variiert der Geschmack. So l\u00e4sst sich Kaffee als starker Mokka ebenso genie\u00dfen wie als leichter Kaffee Latte oder klassischer schwarzer Kaffee.<\/p>\n<p>Die Kaffeesorten werden aus unterschiedlichen Kaffeepflanzen zubereitet. Da w\u00e4re zun\u00e4chst der Coffea Arabica und der sogenannte Rubusta Kaffee, beide Kaffeepflanzen wurden in zahlreichen Varianten gez\u00fcchtet. Kaffe wird in \u00fcber 50 L\u00e4ndern der Welt angebaut.<\/p>\n<h3>Kaffeegenuss seit fast 500 Jahren<\/h3>\n<p>Der Siegeszug des Kaffees begann vor fast 500 Jahren. Im 16. Jahrhundert berichtete der Augsburger Arzt Leonhard Rauwolf \u00fcber seine Erfahrungen mit dem starken Hei\u00dfgetr\u00e4nk. Und in Wien, der Geburtsstadt der Kaffeehauskultur, wurde 1685 bereits das erste Kaffeehaus er\u00f6ffnet. In Deutschland ist der Kaffee aber erst seit dem 18. Jahrhundert popul\u00e4r geworden. In dieser Zeit galt es als fortschrittlich, in den Salons der feinen Gesellschaft Kaffee anzubieten. Im 17. Jahrhundert brachten die Holl\u00e4nder die ersten Kaffeepflanzen in ihre Kolonien, wie etwa nach Java. Heute liegen die Hauptanbaugebiete in Afrika und S\u00fcdamerika.<\/p>\n<p>F\u00fcr einen erfolgreichen Anbau ben\u00f6tigt der Kaffeestrauch ein ausgeglichenes Klima. Die Durchschnittstemperatur sollte dabei zwischen 18 und 25\u00b0 Celsius liegen. Auf keinen Fall darf es zu Frost kommen und die Niederschlagsmenge sollte nie unter 1.000 Millimeter pro Jahr absinken.<\/p>\n<h3>Kaffee als Nationalgetr\u00e4nk<\/h3>\n<p>In vielen L\u00e4ndern der Erde geh\u00f6rt der Kaffee zu den t\u00e4glichen Genussmitteln. Er wird dazu in ganz unterschiedlichen Varianten angeboten. \u00d6sterreich, mit seiner ber\u00fchmten Kaffeehauskultur ist hier sicher einer der Spitzenreiter. Ob als Melange oder Kaffee mit Schuss, es gibt so viele unterschiedliche Geschmacks- und Zubereitungsarten, dass sicher f\u00fcr jeden sein Lieblingskaffee dabei ist.<\/p>\n","protected":false},"excerpt":{"rendered":"<p>In Europa kann sich kaum jemand den Start in den Tag ohne eine oder mehrere Tassen\u00a0Kaffee\u00a0vorstellen. Unser geliebtes Hei\u00dfgetr\u00e4nk stammt urspr\u00fcnglich aus dem Orient und wurde nach seiner Ursprungsregion Kaffa benannt. Neben dem anregenden Koffein enth\u00e4lt der Kaffee aber noch viel mehr. Die Frucht des Kaffeestrauchs enth\u00e4lt au\u00dferdem das Vitamin Niacin. Je nach R\u00f6st- und [&hellip;]<\/p>\n","protected":false},"author":9,"featured_media":9522,"comment_status":"closed","ping_status":"closed","sticky":false,"template":"","format":"standard","meta":{"footnotes":""},"categories":[1,4888],"tags":[4904,1452,1434,167,2756],"class_list":["post-7850","post","type-post","status-publish","format-standard","has-post-thumbnail","hentry","category-news-storys","category-wissenswertes","tag-essen-lebenslage","tag-genuss","tag-heisse-getraenke","tag-kaffee","tag-kaffee-geschichte"],"yoast_head":"<!-- This site is optimized with the Yoast SEO plugin v26.0 - https:\/\/yoast.com\/wordpress\/plugins\/seo\/ -->\n<title>Kaffee -Genuss seit fast 500 Jahren &#187; Ern\u00e4hrung<\/title>\n<meta name=\"description\" content=\"In Europa kann sich kaum jemand den Start in den Tag ohne eine oder mehrere Tassen\u00a0Kaffee\u00a0vorstellen. Unser geliebtes Hei\u00dfgetr\u00e4nk stammt urspr\u00fcnglich aus\" \/>\n<meta name=\"robots\" content=\"index, follow, max-snippet:-1, max-image-preview:large, max-video-preview:-1\" \/>\n<link rel=\"canonical\" href=\"https:\/\/gesundheitsberatung.com\/ernaehrung\/wissenswertes\/kaffee-genuss-seit-fast-500-jahren\/\" \/>\n<meta property=\"og:locale\" content=\"de_DE\" \/>\n<meta property=\"og:type\" content=\"article\" \/>\n<meta property=\"og:title\" content=\"Kaffee -Genuss seit fast 500 Jahren &#187; Ern\u00e4hrung\" \/>\n<meta property=\"og:description\" content=\"In Europa kann sich kaum jemand den Start in den Tag ohne eine oder mehrere Tassen\u00a0Kaffee\u00a0vorstellen. Unser geliebtes Hei\u00dfgetr\u00e4nk stammt urspr\u00fcnglich aus\" \/>\n<meta property=\"og:url\" content=\"https:\/\/gesundheitsberatung.com\/ernaehrung\/wissenswertes\/kaffee-genuss-seit-fast-500-jahren\/\" \/>\n<meta property=\"og:site_name\" content=\"Ern\u00e4hrung\" \/>\n<meta property=\"article:publisher\" content=\"https:\/\/www.facebook.com\/ernaehrung\/\" \/>\n<meta property=\"article:published_time\" content=\"2015-03-13T13:32:14+00:00\" \/>\n<meta property=\"article:modified_time\" content=\"2023-06-03T18:40:19+00:00\" \/>\n<meta property=\"og:image\" content=\"https:\/\/gesundheitsberatung.com\/ernaehrung\/wp-content\/uploads\/sites\/3\/kafee-neu.jpg\" \/>\n\t<meta property=\"og:image:width\" content=\"1024\" \/>\n\t<meta property=\"og:image:height\" content=\"700\" \/>\n\t<meta property=\"og:image:type\" content=\"image\/jpeg\" \/>\n<meta name=\"author\" content=\"Laura Behm\" \/>\n<meta name=\"twitter:card\" content=\"summary_large_image\" \/>\n<meta name=\"twitter:creator\" content=\"@Vistano\" \/>\n<meta name=\"twitter:site\" content=\"@Vistano\" \/>\n<script type=\"application\/ld+json\" class=\"yoast-schema-graph\">{\"@context\":\"https:\/\/schema.org\",\"@graph\":[{\"@type\":\"WebPage\",\"@id\":\"https:\/\/gesundheitsberatung.com\/ernaehrung\/wissenswertes\/kaffee-genuss-seit-fast-500-jahren\/\",\"url\":\"https:\/\/gesundheitsberatung.com\/ernaehrung\/wissenswertes\/kaffee-genuss-seit-fast-500-jahren\/\",\"name\":\"Kaffee -Genuss seit fast 500 Jahren &#187; Ern\u00e4hrung\",\"isPartOf\":{\"@id\":\"https:\/\/gesundheitsberatung.com\/ernaehrung\/#website\"},\"primaryImageOfPage\":{\"@id\":\"https:\/\/gesundheitsberatung.com\/ernaehrung\/wissenswertes\/kaffee-genuss-seit-fast-500-jahren\/#primaryimage\"},\"image\":{\"@id\":\"https:\/\/gesundheitsberatung.com\/ernaehrung\/wissenswertes\/kaffee-genuss-seit-fast-500-jahren\/#primaryimage\"},\"thumbnailUrl\":\"https:\/\/gesundheitsberatung.com\/ernaehrung\/wp-content\/uploads\/sites\/3\/kafee-neu.jpg\",\"datePublished\":\"2015-03-13T13:32:14+00:00\",\"dateModified\":\"2023-06-03T18:40:19+00:00\",\"author\":{\"@id\":\"https:\/\/gesundheitsberatung.com\/ernaehrung\/#\/schema\/person\/ef95dd512e246837e5c8b258fef765bf\"},\"description\":\"In Europa kann sich kaum jemand den Start in den Tag ohne eine oder mehrere Tassen\u00a0Kaffee\u00a0vorstellen. Unser geliebtes Hei\u00dfgetr\u00e4nk stammt urspr\u00fcnglich aus\",\"breadcrumb\":{\"@id\":\"https:\/\/gesundheitsberatung.com\/ernaehrung\/wissenswertes\/kaffee-genuss-seit-fast-500-jahren\/#breadcrumb\"},\"inLanguage\":\"de\",\"potentialAction\":[{\"@type\":\"ReadAction\",\"target\":[\"https:\/\/gesundheitsberatung.com\/ernaehrung\/wissenswertes\/kaffee-genuss-seit-fast-500-jahren\/\"]}]},{\"@type\":\"ImageObject\",\"inLanguage\":\"de\",\"@id\":\"https:\/\/gesundheitsberatung.com\/ernaehrung\/wissenswertes\/kaffee-genuss-seit-fast-500-jahren\/#primaryimage\",\"url\":\"https:\/\/gesundheitsberatung.com\/ernaehrung\/wp-content\/uploads\/sites\/3\/kafee-neu.jpg\",\"contentUrl\":\"https:\/\/gesundheitsberatung.com\/ernaehrung\/wp-content\/uploads\/sites\/3\/kafee-neu.jpg\",\"width\":1024,\"height\":700,\"caption\":\"Kaffee\"},{\"@type\":\"BreadcrumbList\",\"@id\":\"https:\/\/gesundheitsberatung.com\/ernaehrung\/wissenswertes\/kaffee-genuss-seit-fast-500-jahren\/#breadcrumb\",\"itemListElement\":[{\"@type\":\"ListItem\",\"position\":1,\"name\":\"Home\",\"item\":\"https:\/\/gesundheitsberatung.com\/ernaehrung\/\"},{\"@type\":\"ListItem\",\"position\":2,\"name\":\"Wissenswertes\",\"item\":\"https:\/\/gesundheitsberatung.com\/ernaehrung\/magazin\/wissenswertes\/\"},{\"@type\":\"ListItem\",\"position\":3,\"name\":\"Kaffee -Genuss seit fast 500 Jahren\"}]},{\"@type\":\"WebSite\",\"@id\":\"https:\/\/gesundheitsberatung.com\/ernaehrung\/#website\",\"url\":\"https:\/\/gesundheitsberatung.com\/ernaehrung\/\",\"name\":\"Ern\u00e4hrung\",\"description\":\"Ern\u00e4hrung \u260e Beratung durch Ern\u00e4hrungsberater! Jetzt Gratis-Beratung sichern: \u2714 \u00c4rzte \u2714 Heilpraktiker \u2714 Weight Coaches \u2714 Ern\u00e4hrungswissenschaftler \u2714 Di\u00e4tassistenten \u2714 Sportern\u00e4hrung bei Vistano Ern\u00e4hrung.\",\"potentialAction\":[{\"@type\":\"SearchAction\",\"target\":{\"@type\":\"EntryPoint\",\"urlTemplate\":\"https:\/\/gesundheitsberatung.com\/ernaehrung\/?s={search_term_string}\"},\"query-input\":{\"@type\":\"PropertyValueSpecification\",\"valueRequired\":true,\"valueName\":\"search_term_string\"}}],\"inLanguage\":\"de\"},{\"@type\":\"Person\",\"@id\":\"https:\/\/gesundheitsberatung.com\/ernaehrung\/#\/schema\/person\/ef95dd512e246837e5c8b258fef765bf\",\"name\":\"Laura Behm\",\"description\":\"Redakteurin bei Vistano Lebensberatung\",\"sameAs\":[\"http:\/\/www.vistano.com\/\"]}]}<\/script>\n<!-- \/ Yoast SEO plugin. -->","yoast_head_json":{"title":"Kaffee -Genuss seit fast 500 Jahren &#187; Ern\u00e4hrung","description":"In Europa kann sich kaum jemand den Start in den Tag ohne eine oder mehrere Tassen\u00a0Kaffee\u00a0vorstellen. Unser geliebtes Hei\u00dfgetr\u00e4nk stammt urspr\u00fcnglich aus","robots":{"index":"index","follow":"follow","max-snippet":"max-snippet:-1","max-image-preview":"max-image-preview:large","max-video-preview":"max-video-preview:-1"},"canonical":"https:\/\/gesundheitsberatung.com\/ernaehrung\/wissenswertes\/kaffee-genuss-seit-fast-500-jahren\/","og_locale":"de_DE","og_type":"article","og_title":"Kaffee -Genuss seit fast 500 Jahren &#187; Ern\u00e4hrung","og_description":"In Europa kann sich kaum jemand den Start in den Tag ohne eine oder mehrere Tassen\u00a0Kaffee\u00a0vorstellen. Unser geliebtes Hei\u00dfgetr\u00e4nk stammt urspr\u00fcnglich aus","og_url":"https:\/\/gesundheitsberatung.com\/ernaehrung\/wissenswertes\/kaffee-genuss-seit-fast-500-jahren\/","og_site_name":"Ern\u00e4hrung","article_publisher":"https:\/\/www.facebook.com\/ernaehrung\/","article_published_time":"2015-03-13T13:32:14+00:00","article_modified_time":"2023-06-03T18:40:19+00:00","og_image":[{"width":1024,"height":700,"url":"https:\/\/gesundheitsberatung.com\/ernaehrung\/wp-content\/uploads\/sites\/3\/kafee-neu.jpg","type":"image\/jpeg"}],"author":"Laura Behm","twitter_card":"summary_large_image","twitter_creator":"@Vistano","twitter_site":"@Vistano","schema":{"@context":"https:\/\/schema.org","@graph":[{"@type":"WebPage","@id":"https:\/\/gesundheitsberatung.com\/ernaehrung\/wissenswertes\/kaffee-genuss-seit-fast-500-jahren\/","url":"https:\/\/gesundheitsberatung.com\/ernaehrung\/wissenswertes\/kaffee-genuss-seit-fast-500-jahren\/","name":"Kaffee -Genuss seit fast 500 Jahren &#187; Ern\u00e4hrung","isPartOf":{"@id":"https:\/\/gesundheitsberatung.com\/ernaehrung\/#website"},"primaryImageOfPage":{"@id":"https:\/\/gesundheitsberatung.com\/ernaehrung\/wissenswertes\/kaffee-genuss-seit-fast-500-jahren\/#primaryimage"},"image":{"@id":"https:\/\/gesundheitsberatung.com\/ernaehrung\/wissenswertes\/kaffee-genuss-seit-fast-500-jahren\/#primaryimage"},"thumbnailUrl":"https:\/\/gesundheitsberatung.com\/ernaehrung\/wp-content\/uploads\/sites\/3\/kafee-neu.jpg","datePublished":"2015-03-13T13:32:14+00:00","dateModified":"2023-06-03T18:40:19+00:00","author":{"@id":"https:\/\/gesundheitsberatung.com\/ernaehrung\/#\/schema\/person\/ef95dd512e246837e5c8b258fef765bf"},"description":"In Europa kann sich kaum jemand den Start in den Tag ohne eine oder mehrere Tassen\u00a0Kaffee\u00a0vorstellen. Unser geliebtes Hei\u00dfgetr\u00e4nk stammt urspr\u00fcnglich aus","breadcrumb":{"@id":"https:\/\/gesundheitsberatung.com\/ernaehrung\/wissenswertes\/kaffee-genuss-seit-fast-500-jahren\/#breadcrumb"},"inLanguage":"de","potentialAction":[{"@type":"ReadAction","target":["https:\/\/gesundheitsberatung.com\/ernaehrung\/wissenswertes\/kaffee-genuss-seit-fast-500-jahren\/"]}]},{"@type":"ImageObject","inLanguage":"de","@id":"https:\/\/gesundheitsberatung.com\/ernaehrung\/wissenswertes\/kaffee-genuss-seit-fast-500-jahren\/#primaryimage","url":"https:\/\/gesundheitsberatung.com\/ernaehrung\/wp-content\/uploads\/sites\/3\/kafee-neu.jpg","contentUrl":"https:\/\/gesundheitsberatung.com\/ernaehrung\/wp-content\/uploads\/sites\/3\/kafee-neu.jpg","width":1024,"height":700,"caption":"Kaffee"},{"@type":"BreadcrumbList","@id":"https:\/\/gesundheitsberatung.com\/ernaehrung\/wissenswertes\/kaffee-genuss-seit-fast-500-jahren\/#breadcrumb","itemListElement":[{"@type":"ListItem","position":1,"name":"Home","item":"https:\/\/gesundheitsberatung.com\/ernaehrung\/"},{"@type":"ListItem","position":2,"name":"Wissenswertes","item":"https:\/\/gesundheitsberatung.com\/ernaehrung\/magazin\/wissenswertes\/"},{"@type":"ListItem","position":3,"name":"Kaffee -Genuss seit fast 500 Jahren"}]},{"@type":"WebSite","@id":"https:\/\/gesundheitsberatung.com\/ernaehrung\/#website","url":"https:\/\/gesundheitsberatung.com\/ernaehrung\/","name":"Ern\u00e4hrung","description":"Ern\u00e4hrung \u260e Beratung durch Ern\u00e4hrungsberater! Jetzt Gratis-Beratung sichern: \u2714 \u00c4rzte \u2714 Heilpraktiker \u2714 Weight Coaches \u2714 Ern\u00e4hrungswissenschaftler \u2714 Di\u00e4tassistenten \u2714 Sportern\u00e4hrung bei Vistano Ern\u00e4hrung.","potentialAction":[{"@type":"SearchAction","target":{"@type":"EntryPoint","urlTemplate":"https:\/\/gesundheitsberatung.com\/ernaehrung\/?s={search_term_string}"},"query-input":{"@type":"PropertyValueSpecification","valueRequired":true,"valueName":"search_term_string"}}],"inLanguage":"de"},{"@type":"Person","@id":"https:\/\/gesundheitsberatung.com\/ernaehrung\/#\/schema\/person\/ef95dd512e246837e5c8b258fef765bf","name":"Laura Behm","description":"Redakteurin bei Vistano Lebensberatung","sameAs":["http:\/\/www.vistano.com\/"]}]}},"_links":{"self":[{"href":"https:\/\/gesundheitsberatung.com\/ernaehrung\/wp-json\/wp\/v2\/posts\/7850","targetHints":{"allow":["GET"]}}],"collection":[{"href":"https:\/\/gesundheitsberatung.com\/ernaehrung\/wp-json\/wp\/v2\/posts"}],"about":[{"href":"https:\/\/gesundheitsberatung.com\/ernaehrung\/wp-json\/wp\/v2\/types\/post"}],"author":[{"embeddable":true,"href":"https:\/\/gesundheitsberatung.com\/ernaehrung\/wp-json\/wp\/v2\/users\/9"}],"replies":[{"embeddable":true,"href":"https:\/\/gesundheitsberatung.com\/ernaehrung\/wp-json\/wp\/v2\/comments?post=7850"}],"version-history":[{"count":0,"href":"https:\/\/gesundheitsberatung.com\/ernaehrung\/wp-json\/wp\/v2\/posts\/7850\/revisions"}],"wp:featuredmedia":[{"embeddable":true,"href":"https:\/\/gesundheitsberatung.com\/ernaehrung\/wp-json\/wp\/v2\/media\/9522"}],"wp:attachment":[{"href":"https:\/\/gesundheitsberatung.com\/ernaehrung\/wp-json\/wp\/v2\/media?parent=7850"}],"wp:term":[{"taxonomy":"category","embeddable":true,"href":"https:\/\/gesundheitsberatung.com\/ernaehrung\/wp-json\/wp\/v2\/categories?post=7850"},{"taxonomy":"post_tag","embeddable":true,"href":"https:\/\/gesundheitsberatung.com\/ernaehrung\/wp-json\/wp\/v2\/tags?post=7850"}],"curies":[{"name":"wp","href":"https:\/\/api.w.org\/{rel}","templated":true}]}}