{"id":7838,"date":"2015-03-13T15:10:05","date_gmt":"2015-03-13T14:10:05","guid":{"rendered":"http:\/\/gesundheitsberatung.com\/ernaehrung\/?p=7838"},"modified":"2023-06-03T20:40:06","modified_gmt":"2023-06-03T18:40:06","slug":"stiftung-warentest-achtung-keimbefall-bei-abgepackten-salaten","status":"publish","type":"post","link":"https:\/\/gesundheitsberatung.com\/ernaehrung\/news-storys\/stiftung-warentest-achtung-keimbefall-bei-abgepackten-salaten\/","title":{"rendered":"Stiftung Warentest: Achtung Keimbefall bei abgepackten Salaten"},"content":{"rendered":"<p>Eine ausgewogene Ern\u00e4hrung mit einem hohen Anteil an frischem Gem\u00fcse und\u00a0<b>Salat\u00a0<\/b>ist mittlerweile vielen Deutschen sehr wichtig. Lang vorbei sind die Zeiten, in denen der Durchschnittsb\u00fcrger Massen von Fastfood in sich hinein schaufelte und sich weder Gedanken zum Thema Cholesterin noch \u00fcber den stetig wachsenden Bierbauch machte. Doch was ist, wenn der nun gesundheitsbewusste Deutsche auf Grund von famili\u00e4ren und beruflichen Verpflichtungen nicht die zeit findet, t\u00e4glich frische Produkte zu verarbeiten? Sind zum Beispiel Fertigsalate aus der T\u00fcte eine annehmbar Alternative im Rahmen einer gesunden Ern\u00e4hrung? Stiftung Warentest r\u00e4t davon ab.<\/p>\n<h3>Die neusten Testurteile der Stiftung Warentest<\/h3>\n<p>In der neusten Ausgabe ihrer Zeitschrift \u201etest\u201c hat die Stiftung Warentest ihr Urteil bez\u00fcglich 19 getesteter Fertigsalate ver\u00f6ffentlicht. Getestet wurden unter anderem die Belastung der Salate mit Keimen, Schadstoffen und Pestiziden, die dann in den \u00fcblichen Noten zwischen \u201esehr gut\u201c und \u201emangelhaft\u201c zusammengefasst wurden. Das Ergebnis der Untersuchung war erschreckend: Die H\u00e4lfte der getesteten Produkte war massiv mit Keimen belastet und keines war zum Verbrauchsdatum \u201evon guter mikrobiologischer Qualit\u00e4t\u201c.<\/p>\n<p>Im Klartext bedeutet dies vor allem, dass auch an dieser Stelle der Lebensmittelindustrie der Verbraucher dem Hersteller nicht \u00fcber den Weg trauen kann. Im Hinblick auf die Keimbelastung \u2013 vor allem mit Hefen \u2013 schnitten zehn der Fertigsalate mit dem Testurteil \u201ebefriedigend\u201c ab, w\u00e4hrend acht weitere mit \u201eausreichend\u201c bewertet wurden. Der Biosalat von Almaverde musste sogar mit dem Testurteil \u201emangelhaft\u201c belastet werden, da er zum Verbrauchsdatum ungenie\u00dfbar war.<\/p>\n<p>Doch es gab auch gute Nachrichten: Alle getesteten Produkte waren frei von gef\u00e4hrlichen Erregern wie Salmonellen und EHEC und der Fertigsalat von \u201eFlorette Emotions Zart und Feurig\u201c konnte fast uneingeschr\u00e4nkt weiterempfohlen werden. Was die Belastung mit Schadstoffen und Pestiziden anbelangt, so hat vor allem die Hausmarke von Rewe schlecht abgeschnitten. Ihre Produkte \u00fcberschritten teilweise die zul\u00e4ssigen Grenzwerte.<\/p>\n<h3>Empfehlungen der Stiftung Warentest zum Umgang mit Fertigsalaten<\/h3>\n<p>Allgemein empfiehlt die Stiftung Warentest nach Analyse der Testergebnisse, den Verzehr von Fertigsalaten auf ein Minimum zu beschr\u00e4nken und eher zu frischen Produkten zu greifen. Schwangeren, Kleinkindern, Senioren und immunschwachen Personen r\u00e4t sie komplett vom Verbrauch solcher Produkte ab. Au\u00dferdem sollten im Umgang mit den abgepackten Salaten einige Dinge beachtet werden: Genauso wie frisches Hackfleisch sollte auf eine ununterbrochene K\u00fchlung und einen schnellen Verbrauch geachtet werden. Als Faustregel gilt: Jede ungek\u00fchlte Stunde verringert die Haltbarkeit um einen Tag. Vor dem Verbrauch sollten die als \u201ek\u00fcchenfertig\u201c proklamierten Produkte zudem trotzdem noch einmal unter flie\u00dfend Wasser gewaschen werden, um die Belastung mit eventuellen Keimen und Schadstoffen m\u00f6glichst gering zu halten.<\/p>\n<p>&nbsp;<\/p>\n","protected":false},"excerpt":{"rendered":"<p>Eine ausgewogene Ern\u00e4hrung mit einem hohen Anteil an frischem Gem\u00fcse und\u00a0Salat\u00a0ist mittlerweile vielen Deutschen sehr wichtig. Lang vorbei sind die Zeiten, in denen der Durchschnittsb\u00fcrger Massen von Fastfood in sich hinein schaufelte und sich weder Gedanken zum Thema Cholesterin noch \u00fcber den stetig wachsenden Bierbauch machte. Doch was ist, wenn der nun gesundheitsbewusste Deutsche auf [&hellip;]<\/p>\n","protected":false},"author":9,"featured_media":9205,"comment_status":"closed","ping_status":"closed","sticky":false,"template":"","format":"standard","meta":{"footnotes":""},"categories":[1],"tags":[4283,2763,1676],"class_list":["post-7838","post","type-post","status-publish","format-standard","has-post-thumbnail","hentry","category-news-storys","tag-gesuender-ernaehren","tag-salat","tag-stiftung-warentest"],"yoast_head":"<!-- This site is optimized with the Yoast SEO plugin v26.0 - https:\/\/yoast.com\/wordpress\/plugins\/seo\/ -->\n<title>Stiftung Warentest: Achtung Keimbefall bei abgepackten Salaten &#187; Ern\u00e4hrung<\/title>\n<meta name=\"description\" content=\"Eine ausgewogene Ern\u00e4hrung mit einem hohen Anteil an frischem Gem\u00fcse und\u00a0Salat\u00a0ist mittlerweile vielen Deutschen sehr wichtig. Lang vorbei sind die\" \/>\n<meta name=\"robots\" content=\"index, follow, max-snippet:-1, max-image-preview:large, max-video-preview:-1\" \/>\n<link rel=\"canonical\" href=\"https:\/\/gesundheitsberatung.com\/ernaehrung\/news-storys\/stiftung-warentest-achtung-keimbefall-bei-abgepackten-salaten\/\" \/>\n<meta property=\"og:locale\" content=\"de_DE\" \/>\n<meta property=\"og:type\" content=\"article\" \/>\n<meta property=\"og:title\" content=\"Stiftung Warentest: Achtung Keimbefall bei abgepackten Salaten &#187; Ern\u00e4hrung\" \/>\n<meta property=\"og:description\" content=\"Eine ausgewogene Ern\u00e4hrung mit einem hohen Anteil an frischem Gem\u00fcse und\u00a0Salat\u00a0ist mittlerweile vielen Deutschen sehr wichtig. Lang vorbei sind die\" \/>\n<meta property=\"og:url\" content=\"https:\/\/gesundheitsberatung.com\/ernaehrung\/news-storys\/stiftung-warentest-achtung-keimbefall-bei-abgepackten-salaten\/\" \/>\n<meta property=\"og:site_name\" content=\"Ern\u00e4hrung\" \/>\n<meta property=\"article:publisher\" content=\"https:\/\/www.facebook.com\/ernaehrung\/\" \/>\n<meta property=\"article:published_time\" content=\"2015-03-13T14:10:05+00:00\" \/>\n<meta property=\"article:modified_time\" content=\"2023-06-03T18:40:06+00:00\" \/>\n<meta property=\"og:image\" content=\"https:\/\/gesundheitsberatung.com\/ernaehrung\/wp-content\/uploads\/sites\/3\/stiftung-warentest-keimbefa.jpg\" \/>\n\t<meta property=\"og:image:width\" content=\"1024\" \/>\n\t<meta property=\"og:image:height\" content=\"683\" \/>\n\t<meta property=\"og:image:type\" content=\"image\/jpeg\" \/>\n<meta name=\"author\" content=\"Laura Behm\" \/>\n<meta name=\"twitter:card\" content=\"summary_large_image\" \/>\n<meta name=\"twitter:creator\" content=\"@Vistano\" \/>\n<meta name=\"twitter:site\" content=\"@Vistano\" \/>\n<script type=\"application\/ld+json\" class=\"yoast-schema-graph\">{\"@context\":\"https:\/\/schema.org\",\"@graph\":[{\"@type\":\"WebPage\",\"@id\":\"https:\/\/gesundheitsberatung.com\/ernaehrung\/news-storys\/stiftung-warentest-achtung-keimbefall-bei-abgepackten-salaten\/\",\"url\":\"https:\/\/gesundheitsberatung.com\/ernaehrung\/news-storys\/stiftung-warentest-achtung-keimbefall-bei-abgepackten-salaten\/\",\"name\":\"Stiftung Warentest: Achtung Keimbefall bei abgepackten Salaten &#187; Ern\u00e4hrung\",\"isPartOf\":{\"@id\":\"https:\/\/gesundheitsberatung.com\/ernaehrung\/#website\"},\"primaryImageOfPage\":{\"@id\":\"https:\/\/gesundheitsberatung.com\/ernaehrung\/news-storys\/stiftung-warentest-achtung-keimbefall-bei-abgepackten-salaten\/#primaryimage\"},\"image\":{\"@id\":\"https:\/\/gesundheitsberatung.com\/ernaehrung\/news-storys\/stiftung-warentest-achtung-keimbefall-bei-abgepackten-salaten\/#primaryimage\"},\"thumbnailUrl\":\"https:\/\/gesundheitsberatung.com\/ernaehrung\/wp-content\/uploads\/sites\/3\/stiftung-warentest-keimbefa.jpg\",\"datePublished\":\"2015-03-13T14:10:05+00:00\",\"dateModified\":\"2023-06-03T18:40:06+00:00\",\"author\":{\"@id\":\"https:\/\/gesundheitsberatung.com\/ernaehrung\/#\/schema\/person\/ef95dd512e246837e5c8b258fef765bf\"},\"description\":\"Eine ausgewogene Ern\u00e4hrung mit einem hohen Anteil an frischem Gem\u00fcse und\u00a0Salat\u00a0ist mittlerweile vielen Deutschen sehr wichtig. Lang vorbei sind die\",\"breadcrumb\":{\"@id\":\"https:\/\/gesundheitsberatung.com\/ernaehrung\/news-storys\/stiftung-warentest-achtung-keimbefall-bei-abgepackten-salaten\/#breadcrumb\"},\"inLanguage\":\"de\",\"potentialAction\":[{\"@type\":\"ReadAction\",\"target\":[\"https:\/\/gesundheitsberatung.com\/ernaehrung\/news-storys\/stiftung-warentest-achtung-keimbefall-bei-abgepackten-salaten\/\"]}]},{\"@type\":\"ImageObject\",\"inLanguage\":\"de\",\"@id\":\"https:\/\/gesundheitsberatung.com\/ernaehrung\/news-storys\/stiftung-warentest-achtung-keimbefall-bei-abgepackten-salaten\/#primaryimage\",\"url\":\"https:\/\/gesundheitsberatung.com\/ernaehrung\/wp-content\/uploads\/sites\/3\/stiftung-warentest-keimbefa.jpg\",\"contentUrl\":\"https:\/\/gesundheitsberatung.com\/ernaehrung\/wp-content\/uploads\/sites\/3\/stiftung-warentest-keimbefa.jpg\",\"width\":1024,\"height\":683,\"caption\":\"Stiftung Warentest: Achtung Keimbefall bei abgepackten Salaten\"},{\"@type\":\"BreadcrumbList\",\"@id\":\"https:\/\/gesundheitsberatung.com\/ernaehrung\/news-storys\/stiftung-warentest-achtung-keimbefall-bei-abgepackten-salaten\/#breadcrumb\",\"itemListElement\":[{\"@type\":\"ListItem\",\"position\":1,\"name\":\"Home\",\"item\":\"https:\/\/gesundheitsberatung.com\/ernaehrung\/\"},{\"@type\":\"ListItem\",\"position\":2,\"name\":\"News &amp; Storys\",\"item\":\"https:\/\/gesundheitsberatung.com\/ernaehrung\/magazin\/news-storys\/\"},{\"@type\":\"ListItem\",\"position\":3,\"name\":\"Stiftung Warentest: Achtung Keimbefall bei abgepackten Salaten\"}]},{\"@type\":\"WebSite\",\"@id\":\"https:\/\/gesundheitsberatung.com\/ernaehrung\/#website\",\"url\":\"https:\/\/gesundheitsberatung.com\/ernaehrung\/\",\"name\":\"Ern\u00e4hrung\",\"description\":\"Ern\u00e4hrung \u260e Beratung durch Ern\u00e4hrungsberater! Jetzt Gratis-Beratung sichern: \u2714 \u00c4rzte \u2714 Heilpraktiker \u2714 Weight Coaches \u2714 Ern\u00e4hrungswissenschaftler \u2714 Di\u00e4tassistenten \u2714 Sportern\u00e4hrung bei Vistano Ern\u00e4hrung.\",\"potentialAction\":[{\"@type\":\"SearchAction\",\"target\":{\"@type\":\"EntryPoint\",\"urlTemplate\":\"https:\/\/gesundheitsberatung.com\/ernaehrung\/?s={search_term_string}\"},\"query-input\":{\"@type\":\"PropertyValueSpecification\",\"valueRequired\":true,\"valueName\":\"search_term_string\"}}],\"inLanguage\":\"de\"},{\"@type\":\"Person\",\"@id\":\"https:\/\/gesundheitsberatung.com\/ernaehrung\/#\/schema\/person\/ef95dd512e246837e5c8b258fef765bf\",\"name\":\"Laura Behm\",\"description\":\"Redakteurin bei Vistano Lebensberatung\",\"sameAs\":[\"http:\/\/www.vistano.com\/\"]}]}<\/script>\n<!-- \/ Yoast SEO plugin. -->","yoast_head_json":{"title":"Stiftung Warentest: Achtung Keimbefall bei abgepackten Salaten &#187; Ern\u00e4hrung","description":"Eine ausgewogene Ern\u00e4hrung mit einem hohen Anteil an frischem Gem\u00fcse und\u00a0Salat\u00a0ist mittlerweile vielen Deutschen sehr wichtig. Lang vorbei sind die","robots":{"index":"index","follow":"follow","max-snippet":"max-snippet:-1","max-image-preview":"max-image-preview:large","max-video-preview":"max-video-preview:-1"},"canonical":"https:\/\/gesundheitsberatung.com\/ernaehrung\/news-storys\/stiftung-warentest-achtung-keimbefall-bei-abgepackten-salaten\/","og_locale":"de_DE","og_type":"article","og_title":"Stiftung Warentest: Achtung Keimbefall bei abgepackten Salaten &#187; Ern\u00e4hrung","og_description":"Eine ausgewogene Ern\u00e4hrung mit einem hohen Anteil an frischem Gem\u00fcse und\u00a0Salat\u00a0ist mittlerweile vielen Deutschen sehr wichtig. Lang vorbei sind die","og_url":"https:\/\/gesundheitsberatung.com\/ernaehrung\/news-storys\/stiftung-warentest-achtung-keimbefall-bei-abgepackten-salaten\/","og_site_name":"Ern\u00e4hrung","article_publisher":"https:\/\/www.facebook.com\/ernaehrung\/","article_published_time":"2015-03-13T14:10:05+00:00","article_modified_time":"2023-06-03T18:40:06+00:00","og_image":[{"width":1024,"height":683,"url":"https:\/\/gesundheitsberatung.com\/ernaehrung\/wp-content\/uploads\/sites\/3\/stiftung-warentest-keimbefa.jpg","type":"image\/jpeg"}],"author":"Laura Behm","twitter_card":"summary_large_image","twitter_creator":"@Vistano","twitter_site":"@Vistano","schema":{"@context":"https:\/\/schema.org","@graph":[{"@type":"WebPage","@id":"https:\/\/gesundheitsberatung.com\/ernaehrung\/news-storys\/stiftung-warentest-achtung-keimbefall-bei-abgepackten-salaten\/","url":"https:\/\/gesundheitsberatung.com\/ernaehrung\/news-storys\/stiftung-warentest-achtung-keimbefall-bei-abgepackten-salaten\/","name":"Stiftung Warentest: Achtung Keimbefall bei abgepackten Salaten &#187; Ern\u00e4hrung","isPartOf":{"@id":"https:\/\/gesundheitsberatung.com\/ernaehrung\/#website"},"primaryImageOfPage":{"@id":"https:\/\/gesundheitsberatung.com\/ernaehrung\/news-storys\/stiftung-warentest-achtung-keimbefall-bei-abgepackten-salaten\/#primaryimage"},"image":{"@id":"https:\/\/gesundheitsberatung.com\/ernaehrung\/news-storys\/stiftung-warentest-achtung-keimbefall-bei-abgepackten-salaten\/#primaryimage"},"thumbnailUrl":"https:\/\/gesundheitsberatung.com\/ernaehrung\/wp-content\/uploads\/sites\/3\/stiftung-warentest-keimbefa.jpg","datePublished":"2015-03-13T14:10:05+00:00","dateModified":"2023-06-03T18:40:06+00:00","author":{"@id":"https:\/\/gesundheitsberatung.com\/ernaehrung\/#\/schema\/person\/ef95dd512e246837e5c8b258fef765bf"},"description":"Eine ausgewogene Ern\u00e4hrung mit einem hohen Anteil an frischem Gem\u00fcse und\u00a0Salat\u00a0ist mittlerweile vielen Deutschen sehr wichtig. Lang vorbei sind die","breadcrumb":{"@id":"https:\/\/gesundheitsberatung.com\/ernaehrung\/news-storys\/stiftung-warentest-achtung-keimbefall-bei-abgepackten-salaten\/#breadcrumb"},"inLanguage":"de","potentialAction":[{"@type":"ReadAction","target":["https:\/\/gesundheitsberatung.com\/ernaehrung\/news-storys\/stiftung-warentest-achtung-keimbefall-bei-abgepackten-salaten\/"]}]},{"@type":"ImageObject","inLanguage":"de","@id":"https:\/\/gesundheitsberatung.com\/ernaehrung\/news-storys\/stiftung-warentest-achtung-keimbefall-bei-abgepackten-salaten\/#primaryimage","url":"https:\/\/gesundheitsberatung.com\/ernaehrung\/wp-content\/uploads\/sites\/3\/stiftung-warentest-keimbefa.jpg","contentUrl":"https:\/\/gesundheitsberatung.com\/ernaehrung\/wp-content\/uploads\/sites\/3\/stiftung-warentest-keimbefa.jpg","width":1024,"height":683,"caption":"Stiftung Warentest: Achtung Keimbefall bei abgepackten Salaten"},{"@type":"BreadcrumbList","@id":"https:\/\/gesundheitsberatung.com\/ernaehrung\/news-storys\/stiftung-warentest-achtung-keimbefall-bei-abgepackten-salaten\/#breadcrumb","itemListElement":[{"@type":"ListItem","position":1,"name":"Home","item":"https:\/\/gesundheitsberatung.com\/ernaehrung\/"},{"@type":"ListItem","position":2,"name":"News &amp; Storys","item":"https:\/\/gesundheitsberatung.com\/ernaehrung\/magazin\/news-storys\/"},{"@type":"ListItem","position":3,"name":"Stiftung Warentest: Achtung Keimbefall bei abgepackten Salaten"}]},{"@type":"WebSite","@id":"https:\/\/gesundheitsberatung.com\/ernaehrung\/#website","url":"https:\/\/gesundheitsberatung.com\/ernaehrung\/","name":"Ern\u00e4hrung","description":"Ern\u00e4hrung \u260e Beratung durch Ern\u00e4hrungsberater! Jetzt Gratis-Beratung sichern: \u2714 \u00c4rzte \u2714 Heilpraktiker \u2714 Weight Coaches \u2714 Ern\u00e4hrungswissenschaftler \u2714 Di\u00e4tassistenten \u2714 Sportern\u00e4hrung bei Vistano Ern\u00e4hrung.","potentialAction":[{"@type":"SearchAction","target":{"@type":"EntryPoint","urlTemplate":"https:\/\/gesundheitsberatung.com\/ernaehrung\/?s={search_term_string}"},"query-input":{"@type":"PropertyValueSpecification","valueRequired":true,"valueName":"search_term_string"}}],"inLanguage":"de"},{"@type":"Person","@id":"https:\/\/gesundheitsberatung.com\/ernaehrung\/#\/schema\/person\/ef95dd512e246837e5c8b258fef765bf","name":"Laura Behm","description":"Redakteurin bei Vistano Lebensberatung","sameAs":["http:\/\/www.vistano.com\/"]}]}},"_links":{"self":[{"href":"https:\/\/gesundheitsberatung.com\/ernaehrung\/wp-json\/wp\/v2\/posts\/7838","targetHints":{"allow":["GET"]}}],"collection":[{"href":"https:\/\/gesundheitsberatung.com\/ernaehrung\/wp-json\/wp\/v2\/posts"}],"about":[{"href":"https:\/\/gesundheitsberatung.com\/ernaehrung\/wp-json\/wp\/v2\/types\/post"}],"author":[{"embeddable":true,"href":"https:\/\/gesundheitsberatung.com\/ernaehrung\/wp-json\/wp\/v2\/users\/9"}],"replies":[{"embeddable":true,"href":"https:\/\/gesundheitsberatung.com\/ernaehrung\/wp-json\/wp\/v2\/comments?post=7838"}],"version-history":[{"count":0,"href":"https:\/\/gesundheitsberatung.com\/ernaehrung\/wp-json\/wp\/v2\/posts\/7838\/revisions"}],"wp:featuredmedia":[{"embeddable":true,"href":"https:\/\/gesundheitsberatung.com\/ernaehrung\/wp-json\/wp\/v2\/media\/9205"}],"wp:attachment":[{"href":"https:\/\/gesundheitsberatung.com\/ernaehrung\/wp-json\/wp\/v2\/media?parent=7838"}],"wp:term":[{"taxonomy":"category","embeddable":true,"href":"https:\/\/gesundheitsberatung.com\/ernaehrung\/wp-json\/wp\/v2\/categories?post=7838"},{"taxonomy":"post_tag","embeddable":true,"href":"https:\/\/gesundheitsberatung.com\/ernaehrung\/wp-json\/wp\/v2\/tags?post=7838"}],"curies":[{"name":"wp","href":"https:\/\/api.w.org\/{rel}","templated":true}]}}