{"id":7492,"date":"2015-03-16T13:21:00","date_gmt":"2015-03-16T12:21:00","guid":{"rendered":"http:\/\/gesundheitsberatung.com\/ernaehrung\/?p=7492"},"modified":"2023-06-03T20:39:38","modified_gmt":"2023-06-03T18:39:38","slug":"wie-lagert-man-obst-und-gemuese-richtig","status":"publish","type":"post","link":"https:\/\/gesundheitsberatung.com\/ernaehrung\/wissenswertes\/wie-lagert-man-obst-und-gemuese-richtig\/","title":{"rendered":"Wie lagert man Obst und Gem\u00fcse richtig?"},"content":{"rendered":"<p>Gemeinsam mit dem Fr\u00fchling h\u00e4lt auch die Fr\u00fcchtezeit Einzug in unseren Alltag. Je weiter die Temperaturen steigen, desto gr\u00f6\u00dfer wird auch die Auswahl der am Markt verf\u00fcgbaren\u00a0<b>Obst- und Gem\u00fcseprodukte<\/b>. So gibt es zum Beispiel ab April und Mai bereits die ersten Erdbeeren, aber auch Spargel oder Spinat sind wieder frisch verf\u00fcgbar und stehen, reich an Vitaminen und Mineralstoffen, auf unserem Speiseplan.<\/p>\n<p>Doch schnell k\u00f6nnen die kostbaren Vitamine verloren gehen, wenn sie falsch gelagert werden. Denn Vitamine reagieren h\u00e4ufig extrem empfindlich auf Licht und Temperatur. Bei entsprechender<b>\u00a0Lagerung<\/b>\u00a0kann man die N\u00e4hrstoffe im Obst und Gem\u00fcse allerdings sehr lange erhalten. Hierbei gibt es aber je nach Obst- und Gem\u00fcsesorte einiges zu beachten.<\/p>\n<h3>Bei der Lagerung auf die Herkunft achten<\/h3>\n<p>Ebenso wie beim Menschen handelt es sich auch bei Obst und Gem\u00fcse um einen lebenden Organismus, der Sauerstoff ben\u00f6tigt und gleicherma\u00dfen Vorratsstoffe verbraucht. So verbraucht ein Apfel beispielsweise mit der Zeit seinen Wasservorrat, wodurch er schrumpelig wird. Lagert man diesen allerdings bei hoher Luftfeuchtigkeit, so kann man die Austrocknung verz\u00f6gern. Vor allem k\u00fchle Kellerr\u00e4ume eignen sich hierf\u00fcr optimal.<\/p>\n<p>Einige Obst- und Gem\u00fcsesorten kann man durchaus auch im K\u00fchlschrank lagern. Doch welche Sorten sind das eigentlich? Wenn man darauf achtet, wo das Obst oder Gem\u00fcse eigentlich herkommt, ist diese Frage eigentlich schnell gekl\u00e4rt. So k\u00f6nnen etwa Kohlgem\u00fcse gut im K\u00fchlschrank gelagert werden, S\u00fcdfr\u00fcchte hingegen, wie etwa Banane oder Ananas, haben hier nichts zu suchen, da sie sehr empfindlich auf K\u00e4lte reagieren. Auch Tomaten oder Zucchini haben im K\u00fchlschrank nichts zu suchen.<\/p>\n<p>Bei \u00c4pfeln und beispielsweise auch bei Tomaten, Aprikosen oder Birnen ist unbedingt darauf zu achten, dass diese nicht mit anderen Obst- und Gem\u00fcsesorten gelagert werden. Denn beide geben hohe Mengen Ethylen ab, welches f\u00fcr den Reifungsprozess verantwortlich ist. Obst und Gem\u00fcse, welches gemeinsam mit diesen Sorten gelagert wird, wird durch das Pflanzenhormon schneller reif und kann sie gleicherma\u00dfen schnell verderben.<\/p>\n<p>&nbsp;<\/p>\n","protected":false},"excerpt":{"rendered":"<p>Gemeinsam mit dem Fr\u00fchling h\u00e4lt auch die Fr\u00fcchtezeit Einzug in unseren Alltag. Je weiter die Temperaturen steigen, desto gr\u00f6\u00dfer wird auch die Auswahl der am Markt verf\u00fcgbaren\u00a0Obst- und Gem\u00fcseprodukte. So gibt es zum Beispiel ab April und Mai bereits die ersten Erdbeeren, aber auch Spargel oder Spinat sind wieder frisch verf\u00fcgbar und stehen, reich an [&hellip;]<\/p>\n","protected":false},"author":9,"featured_media":7493,"comment_status":"closed","ping_status":"closed","sticky":false,"template":"","format":"standard","meta":{"footnotes":""},"categories":[4893,4888],"tags":[1777,4283,1474,1388,2807,1776],"class_list":["post-7492","post","type-post","status-publish","format-standard","has-post-thumbnail","hentry","category-vegetarisch-vegan","category-wissenswertes","tag-gemuese-lagerung","tag-gesuender-ernaehren","tag-lebensmittel-lagerung","tag-obst-gemuese","tag-obst-gemuese-herkunft","tag-obst-lagerung"],"yoast_head":"<!-- This site is optimized with the Yoast SEO plugin v26.0 - https:\/\/yoast.com\/wordpress\/plugins\/seo\/ -->\n<title>Wie lagert man Obst und Gem\u00fcse richtig? &#187; Ern\u00e4hrung<\/title>\n<meta name=\"description\" content=\"Gemeinsam mit dem Fr\u00fchling h\u00e4lt auch die Fr\u00fcchtezeit Einzug in unseren Alltag. Je weiter die Temperaturen steigen, desto gr\u00f6\u00dfer wird auch die Auswahl der\" \/>\n<meta name=\"robots\" content=\"index, follow, max-snippet:-1, max-image-preview:large, max-video-preview:-1\" \/>\n<link rel=\"canonical\" href=\"https:\/\/gesundheitsberatung.com\/ernaehrung\/wissenswertes\/wie-lagert-man-obst-und-gemuese-richtig\/\" \/>\n<meta property=\"og:locale\" content=\"de_DE\" \/>\n<meta property=\"og:type\" content=\"article\" \/>\n<meta property=\"og:title\" content=\"Wie lagert man Obst und Gem\u00fcse richtig? &#187; Ern\u00e4hrung\" \/>\n<meta property=\"og:description\" content=\"Gemeinsam mit dem Fr\u00fchling h\u00e4lt auch die Fr\u00fcchtezeit Einzug in unseren Alltag. Je weiter die Temperaturen steigen, desto gr\u00f6\u00dfer wird auch die Auswahl der\" \/>\n<meta property=\"og:url\" content=\"https:\/\/gesundheitsberatung.com\/ernaehrung\/wissenswertes\/wie-lagert-man-obst-und-gemuese-richtig\/\" \/>\n<meta property=\"og:site_name\" content=\"Ern\u00e4hrung\" \/>\n<meta property=\"article:publisher\" content=\"https:\/\/www.facebook.com\/ernaehrung\/\" \/>\n<meta property=\"article:published_time\" content=\"2015-03-16T12:21:00+00:00\" \/>\n<meta property=\"article:modified_time\" content=\"2023-06-03T18:39:38+00:00\" \/>\n<meta property=\"og:image\" content=\"https:\/\/gesundheitsberatung.com\/ernaehrung\/wp-content\/uploads\/sites\/3\/wie-lagert-man-obst-und-gem.jpg\" \/>\n\t<meta property=\"og:image:width\" content=\"1024\" \/>\n\t<meta property=\"og:image:height\" content=\"768\" \/>\n\t<meta property=\"og:image:type\" content=\"image\/jpeg\" \/>\n<meta name=\"author\" content=\"Laura Behm\" \/>\n<meta name=\"twitter:card\" content=\"summary_large_image\" \/>\n<meta name=\"twitter:creator\" content=\"@Vistano\" \/>\n<meta name=\"twitter:site\" content=\"@Vistano\" \/>\n<script type=\"application\/ld+json\" class=\"yoast-schema-graph\">{\"@context\":\"https:\/\/schema.org\",\"@graph\":[{\"@type\":\"WebPage\",\"@id\":\"https:\/\/gesundheitsberatung.com\/ernaehrung\/wissenswertes\/wie-lagert-man-obst-und-gemuese-richtig\/\",\"url\":\"https:\/\/gesundheitsberatung.com\/ernaehrung\/wissenswertes\/wie-lagert-man-obst-und-gemuese-richtig\/\",\"name\":\"Wie lagert man Obst und Gem\u00fcse richtig? &#187; Ern\u00e4hrung\",\"isPartOf\":{\"@id\":\"https:\/\/gesundheitsberatung.com\/ernaehrung\/#website\"},\"primaryImageOfPage\":{\"@id\":\"https:\/\/gesundheitsberatung.com\/ernaehrung\/wissenswertes\/wie-lagert-man-obst-und-gemuese-richtig\/#primaryimage\"},\"image\":{\"@id\":\"https:\/\/gesundheitsberatung.com\/ernaehrung\/wissenswertes\/wie-lagert-man-obst-und-gemuese-richtig\/#primaryimage\"},\"thumbnailUrl\":\"https:\/\/gesundheitsberatung.com\/ernaehrung\/wp-content\/uploads\/sites\/3\/wie-lagert-man-obst-und-gem.jpg\",\"datePublished\":\"2015-03-16T12:21:00+00:00\",\"dateModified\":\"2023-06-03T18:39:38+00:00\",\"author\":{\"@id\":\"https:\/\/gesundheitsberatung.com\/ernaehrung\/#\/schema\/person\/ef95dd512e246837e5c8b258fef765bf\"},\"description\":\"Gemeinsam mit dem Fr\u00fchling h\u00e4lt auch die Fr\u00fcchtezeit Einzug in unseren Alltag. Je weiter die Temperaturen steigen, desto gr\u00f6\u00dfer wird auch die Auswahl der\",\"breadcrumb\":{\"@id\":\"https:\/\/gesundheitsberatung.com\/ernaehrung\/wissenswertes\/wie-lagert-man-obst-und-gemuese-richtig\/#breadcrumb\"},\"inLanguage\":\"de\",\"potentialAction\":[{\"@type\":\"ReadAction\",\"target\":[\"https:\/\/gesundheitsberatung.com\/ernaehrung\/wissenswertes\/wie-lagert-man-obst-und-gemuese-richtig\/\"]}]},{\"@type\":\"ImageObject\",\"inLanguage\":\"de\",\"@id\":\"https:\/\/gesundheitsberatung.com\/ernaehrung\/wissenswertes\/wie-lagert-man-obst-und-gemuese-richtig\/#primaryimage\",\"url\":\"https:\/\/gesundheitsberatung.com\/ernaehrung\/wp-content\/uploads\/sites\/3\/wie-lagert-man-obst-und-gem.jpg\",\"contentUrl\":\"https:\/\/gesundheitsberatung.com\/ernaehrung\/wp-content\/uploads\/sites\/3\/wie-lagert-man-obst-und-gem.jpg\",\"width\":1024,\"height\":768,\"caption\":\"Wie lagert man Obst und Gem\u00fcse richtig?\"},{\"@type\":\"BreadcrumbList\",\"@id\":\"https:\/\/gesundheitsberatung.com\/ernaehrung\/wissenswertes\/wie-lagert-man-obst-und-gemuese-richtig\/#breadcrumb\",\"itemListElement\":[{\"@type\":\"ListItem\",\"position\":1,\"name\":\"Home\",\"item\":\"https:\/\/gesundheitsberatung.com\/ernaehrung\/\"},{\"@type\":\"ListItem\",\"position\":2,\"name\":\"Wissenswertes\",\"item\":\"https:\/\/gesundheitsberatung.com\/ernaehrung\/magazin\/wissenswertes\/\"},{\"@type\":\"ListItem\",\"position\":3,\"name\":\"Wie lagert man Obst und Gem\u00fcse richtig?\"}]},{\"@type\":\"WebSite\",\"@id\":\"https:\/\/gesundheitsberatung.com\/ernaehrung\/#website\",\"url\":\"https:\/\/gesundheitsberatung.com\/ernaehrung\/\",\"name\":\"Ern\u00e4hrung\",\"description\":\"Ern\u00e4hrung \u260e Beratung durch Ern\u00e4hrungsberater! Jetzt Gratis-Beratung sichern: \u2714 \u00c4rzte \u2714 Heilpraktiker \u2714 Weight Coaches \u2714 Ern\u00e4hrungswissenschaftler \u2714 Di\u00e4tassistenten \u2714 Sportern\u00e4hrung bei Vistano Ern\u00e4hrung.\",\"potentialAction\":[{\"@type\":\"SearchAction\",\"target\":{\"@type\":\"EntryPoint\",\"urlTemplate\":\"https:\/\/gesundheitsberatung.com\/ernaehrung\/?s={search_term_string}\"},\"query-input\":{\"@type\":\"PropertyValueSpecification\",\"valueRequired\":true,\"valueName\":\"search_term_string\"}}],\"inLanguage\":\"de\"},{\"@type\":\"Person\",\"@id\":\"https:\/\/gesundheitsberatung.com\/ernaehrung\/#\/schema\/person\/ef95dd512e246837e5c8b258fef765bf\",\"name\":\"Laura Behm\",\"description\":\"Redakteurin bei Vistano Lebensberatung\",\"sameAs\":[\"http:\/\/www.vistano.com\/\"]}]}<\/script>\n<!-- \/ Yoast SEO plugin. -->","yoast_head_json":{"title":"Wie lagert man Obst und Gem\u00fcse richtig? &#187; Ern\u00e4hrung","description":"Gemeinsam mit dem Fr\u00fchling h\u00e4lt auch die Fr\u00fcchtezeit Einzug in unseren Alltag. Je weiter die Temperaturen steigen, desto gr\u00f6\u00dfer wird auch die Auswahl der","robots":{"index":"index","follow":"follow","max-snippet":"max-snippet:-1","max-image-preview":"max-image-preview:large","max-video-preview":"max-video-preview:-1"},"canonical":"https:\/\/gesundheitsberatung.com\/ernaehrung\/wissenswertes\/wie-lagert-man-obst-und-gemuese-richtig\/","og_locale":"de_DE","og_type":"article","og_title":"Wie lagert man Obst und Gem\u00fcse richtig? &#187; Ern\u00e4hrung","og_description":"Gemeinsam mit dem Fr\u00fchling h\u00e4lt auch die Fr\u00fcchtezeit Einzug in unseren Alltag. Je weiter die Temperaturen steigen, desto gr\u00f6\u00dfer wird auch die Auswahl der","og_url":"https:\/\/gesundheitsberatung.com\/ernaehrung\/wissenswertes\/wie-lagert-man-obst-und-gemuese-richtig\/","og_site_name":"Ern\u00e4hrung","article_publisher":"https:\/\/www.facebook.com\/ernaehrung\/","article_published_time":"2015-03-16T12:21:00+00:00","article_modified_time":"2023-06-03T18:39:38+00:00","og_image":[{"width":1024,"height":768,"url":"https:\/\/gesundheitsberatung.com\/ernaehrung\/wp-content\/uploads\/sites\/3\/wie-lagert-man-obst-und-gem.jpg","type":"image\/jpeg"}],"author":"Laura Behm","twitter_card":"summary_large_image","twitter_creator":"@Vistano","twitter_site":"@Vistano","schema":{"@context":"https:\/\/schema.org","@graph":[{"@type":"WebPage","@id":"https:\/\/gesundheitsberatung.com\/ernaehrung\/wissenswertes\/wie-lagert-man-obst-und-gemuese-richtig\/","url":"https:\/\/gesundheitsberatung.com\/ernaehrung\/wissenswertes\/wie-lagert-man-obst-und-gemuese-richtig\/","name":"Wie lagert man Obst und Gem\u00fcse richtig? &#187; Ern\u00e4hrung","isPartOf":{"@id":"https:\/\/gesundheitsberatung.com\/ernaehrung\/#website"},"primaryImageOfPage":{"@id":"https:\/\/gesundheitsberatung.com\/ernaehrung\/wissenswertes\/wie-lagert-man-obst-und-gemuese-richtig\/#primaryimage"},"image":{"@id":"https:\/\/gesundheitsberatung.com\/ernaehrung\/wissenswertes\/wie-lagert-man-obst-und-gemuese-richtig\/#primaryimage"},"thumbnailUrl":"https:\/\/gesundheitsberatung.com\/ernaehrung\/wp-content\/uploads\/sites\/3\/wie-lagert-man-obst-und-gem.jpg","datePublished":"2015-03-16T12:21:00+00:00","dateModified":"2023-06-03T18:39:38+00:00","author":{"@id":"https:\/\/gesundheitsberatung.com\/ernaehrung\/#\/schema\/person\/ef95dd512e246837e5c8b258fef765bf"},"description":"Gemeinsam mit dem Fr\u00fchling h\u00e4lt auch die Fr\u00fcchtezeit Einzug in unseren Alltag. Je weiter die Temperaturen steigen, desto gr\u00f6\u00dfer wird auch die Auswahl der","breadcrumb":{"@id":"https:\/\/gesundheitsberatung.com\/ernaehrung\/wissenswertes\/wie-lagert-man-obst-und-gemuese-richtig\/#breadcrumb"},"inLanguage":"de","potentialAction":[{"@type":"ReadAction","target":["https:\/\/gesundheitsberatung.com\/ernaehrung\/wissenswertes\/wie-lagert-man-obst-und-gemuese-richtig\/"]}]},{"@type":"ImageObject","inLanguage":"de","@id":"https:\/\/gesundheitsberatung.com\/ernaehrung\/wissenswertes\/wie-lagert-man-obst-und-gemuese-richtig\/#primaryimage","url":"https:\/\/gesundheitsberatung.com\/ernaehrung\/wp-content\/uploads\/sites\/3\/wie-lagert-man-obst-und-gem.jpg","contentUrl":"https:\/\/gesundheitsberatung.com\/ernaehrung\/wp-content\/uploads\/sites\/3\/wie-lagert-man-obst-und-gem.jpg","width":1024,"height":768,"caption":"Wie lagert man Obst und Gem\u00fcse richtig?"},{"@type":"BreadcrumbList","@id":"https:\/\/gesundheitsberatung.com\/ernaehrung\/wissenswertes\/wie-lagert-man-obst-und-gemuese-richtig\/#breadcrumb","itemListElement":[{"@type":"ListItem","position":1,"name":"Home","item":"https:\/\/gesundheitsberatung.com\/ernaehrung\/"},{"@type":"ListItem","position":2,"name":"Wissenswertes","item":"https:\/\/gesundheitsberatung.com\/ernaehrung\/magazin\/wissenswertes\/"},{"@type":"ListItem","position":3,"name":"Wie lagert man Obst und Gem\u00fcse richtig?"}]},{"@type":"WebSite","@id":"https:\/\/gesundheitsberatung.com\/ernaehrung\/#website","url":"https:\/\/gesundheitsberatung.com\/ernaehrung\/","name":"Ern\u00e4hrung","description":"Ern\u00e4hrung \u260e Beratung durch Ern\u00e4hrungsberater! Jetzt Gratis-Beratung sichern: \u2714 \u00c4rzte \u2714 Heilpraktiker \u2714 Weight Coaches \u2714 Ern\u00e4hrungswissenschaftler \u2714 Di\u00e4tassistenten \u2714 Sportern\u00e4hrung bei Vistano Ern\u00e4hrung.","potentialAction":[{"@type":"SearchAction","target":{"@type":"EntryPoint","urlTemplate":"https:\/\/gesundheitsberatung.com\/ernaehrung\/?s={search_term_string}"},"query-input":{"@type":"PropertyValueSpecification","valueRequired":true,"valueName":"search_term_string"}}],"inLanguage":"de"},{"@type":"Person","@id":"https:\/\/gesundheitsberatung.com\/ernaehrung\/#\/schema\/person\/ef95dd512e246837e5c8b258fef765bf","name":"Laura Behm","description":"Redakteurin bei Vistano Lebensberatung","sameAs":["http:\/\/www.vistano.com\/"]}]}},"_links":{"self":[{"href":"https:\/\/gesundheitsberatung.com\/ernaehrung\/wp-json\/wp\/v2\/posts\/7492","targetHints":{"allow":["GET"]}}],"collection":[{"href":"https:\/\/gesundheitsberatung.com\/ernaehrung\/wp-json\/wp\/v2\/posts"}],"about":[{"href":"https:\/\/gesundheitsberatung.com\/ernaehrung\/wp-json\/wp\/v2\/types\/post"}],"author":[{"embeddable":true,"href":"https:\/\/gesundheitsberatung.com\/ernaehrung\/wp-json\/wp\/v2\/users\/9"}],"replies":[{"embeddable":true,"href":"https:\/\/gesundheitsberatung.com\/ernaehrung\/wp-json\/wp\/v2\/comments?post=7492"}],"version-history":[{"count":0,"href":"https:\/\/gesundheitsberatung.com\/ernaehrung\/wp-json\/wp\/v2\/posts\/7492\/revisions"}],"wp:featuredmedia":[{"embeddable":true,"href":"https:\/\/gesundheitsberatung.com\/ernaehrung\/wp-json\/wp\/v2\/media\/7493"}],"wp:attachment":[{"href":"https:\/\/gesundheitsberatung.com\/ernaehrung\/wp-json\/wp\/v2\/media?parent=7492"}],"wp:term":[{"taxonomy":"category","embeddable":true,"href":"https:\/\/gesundheitsberatung.com\/ernaehrung\/wp-json\/wp\/v2\/categories?post=7492"},{"taxonomy":"post_tag","embeddable":true,"href":"https:\/\/gesundheitsberatung.com\/ernaehrung\/wp-json\/wp\/v2\/tags?post=7492"}],"curies":[{"name":"wp","href":"https:\/\/api.w.org\/{rel}","templated":true}]}}