{"id":16747,"date":"2018-04-26T14:58:51","date_gmt":"2018-04-26T12:58:51","guid":{"rendered":"https:\/\/gesundheitsberatung.com\/ernaehrung\/?p=16747"},"modified":"2023-06-03T20:21:12","modified_gmt":"2023-06-03T18:21:12","slug":"warum-ist-baerlauch-so-gesund","status":"publish","type":"post","link":"https:\/\/gesundheitsberatung.com\/ernaehrung\/der-heimische-garten\/warum-ist-baerlauch-so-gesund\/","title":{"rendered":"Warum ist B\u00e4rlauch so gesund?"},"content":{"rendered":"<p>Jeder bemerkt im Fr\u00fchjahr den Geruch des B\u00e4rlauchs im Wald: W\u00fcrzig riecht er, der <strong>B\u00e4rlauch<\/strong>, mit seinen l\u00e4nglichen und hellgr\u00fcnen Bl\u00e4ttern. Bereits aus mehreren Metern Entfernung ist der Geruch wahrnehmbar. Doch leider verwechseln j\u00e4hrlich einige Menschen die Bl\u00e4tter mit der giftigen Maigl\u00f6ckchen. Wir zeigen, worauf D u achten musst und erkl\u00e4ren, warum B\u00e4rlauch so gesund ist.<\/p>\n<h3>Deshalb ist B\u00e4rlauch so gesund<\/h3>\n<p>Wie der Knoblauch auch, enth\u00e4lt B\u00e4rlauch Alliin, eine schwefelhaltige Substanz. Sie dient als nat\u00fcrlicher Schutz vor Feinden bzw. vor dem Gefressen werden. Denn beim Anknabbern der Bl\u00e4tter entsteht aus dem Alliin durch ein Enzym die Substanz Allicin. Die ist sehr geruchsintensiv und schreckt Fressfeinde durch den knoblauchartigen Geruch normalerweise ab. Den Menschen zieht die Pflanze dadurch jedoch an, denn Allicin schmeckt und riecht sehr w\u00fcrzig.<\/p>\n<p>Die positive Wirkung durch den guten Geschmack ist eine Sache. In der Medizin konnte jedoch auch nachgewiesen werden, dass sich Allicin positiv auf die Gesundheit auswirkt. Denn die Schwefelverbindungen regen die Galle und Leber an. Sie sorgen f\u00fcr eine Leistungssteigerung des Fettstoffwechsels. Deshalb ist es klug, B\u00e4rlauch zusammen mit fettreichen Speisen zu konsumieren.<\/p>\n<h3>Wichtiges zur Zubereitung<\/h3>\n<p>B\u00e4rlauch kann beim Erhitzen den w\u00fcrzigen Geschmack und Geruch verlieren. Deshalb solltest Du darauf verzichten, den B\u00e4rlauch zu backen, zu kochen oder zu braten. Lieber gibst Du ihn nach der Zubereitung hinzu oder bearbeitest ihn komplett roh in Salaten, Quark oder Pesto.<\/p>\n<h3>So unterscheidest Du B\u00e4rlauch von anderen Pflanzen<\/h3>\n<p>Oft liest man in der Zeitung von Vergiftungen durch die Verwechslung von B\u00e4rlauch mit einem giftigen Gew\u00e4chs. Am ehesten wird der B\u00e4rlauch mit der Herbstzeitlosen oder dem Maigl\u00f6ckchen verwechselt. Viele schw\u00f6ren auf den Geruchstest, doch der ist nicht immer sicher. Oft nehmen die Finger den Geruch des B\u00e4rlauchs an. Das macht die Unterscheidung schwer. Sicherer ist, wer zugleich auf die Form des Blattes schaut. Eine sehr hohe Sicherheit bekommt man dadurch jedoch nicht. Deshalb empfehlen wir, B\u00e4rlauch einfach zu kaufen.<\/p>\n<p>&nbsp;<\/p>\n","protected":false},"excerpt":{"rendered":"<p>Jeder bemerkt im Fr\u00fchjahr den Geruch des B\u00e4rlauchs im Wald: W\u00fcrzig riecht er, der B\u00e4rlauch, mit seinen l\u00e4nglichen und hellgr\u00fcnen Bl\u00e4ttern. Bereits aus mehreren Metern Entfernung ist der Geruch wahrnehmbar. Doch leider verwechseln j\u00e4hrlich einige Menschen die Bl\u00e4tter mit der giftigen Maigl\u00f6ckchen. Wir zeigen, worauf D u achten musst und erkl\u00e4ren, warum B\u00e4rlauch so gesund [&hellip;]<\/p>\n","protected":false},"author":7,"featured_media":17561,"comment_status":"closed","ping_status":"closed","sticky":false,"template":"","format":"standard","meta":{"footnotes":""},"categories":[4903],"tags":[9710,34,9711,2763,9709],"class_list":["post-16747","post","type-post","status-publish","format-standard","has-post-thumbnail","hentry","category-der-heimische-garten","tag-allicin","tag-baerlauch","tag-quark","tag-salat","tag-schwefelhaltige-substanz"],"yoast_head":"<!-- This site is optimized with the Yoast SEO plugin v26.0 - https:\/\/yoast.com\/wordpress\/plugins\/seo\/ -->\n<title>Warum ist B\u00e4rlauch so gesund? &#187; Ern\u00e4hrung<\/title>\n<meta name=\"description\" content=\"Jeder bemerkt im Fr\u00fchjahr den Geruch des B\u00e4rlauchs im Wald: W\u00fcrzig riecht er, der B\u00e4rlauch, mit seinen l\u00e4nglichen und hellgr\u00fcnen Bl\u00e4ttern...\" \/>\n<meta name=\"robots\" content=\"index, follow, max-snippet:-1, max-image-preview:large, max-video-preview:-1\" \/>\n<link rel=\"canonical\" href=\"https:\/\/gesundheitsberatung.com\/ernaehrung\/der-heimische-garten\/warum-ist-baerlauch-so-gesund\/\" \/>\n<meta property=\"og:locale\" content=\"de_DE\" \/>\n<meta property=\"og:type\" content=\"article\" \/>\n<meta property=\"og:title\" content=\"Warum ist B\u00e4rlauch so gesund? &#187; Ern\u00e4hrung\" \/>\n<meta property=\"og:description\" content=\"Jeder bemerkt im Fr\u00fchjahr den Geruch des B\u00e4rlauchs im Wald: W\u00fcrzig riecht er, der B\u00e4rlauch, mit seinen l\u00e4nglichen und hellgr\u00fcnen Bl\u00e4ttern...\" \/>\n<meta property=\"og:url\" content=\"https:\/\/gesundheitsberatung.com\/ernaehrung\/der-heimische-garten\/warum-ist-baerlauch-so-gesund\/\" \/>\n<meta property=\"og:site_name\" content=\"Ern\u00e4hrung\" \/>\n<meta property=\"article:publisher\" content=\"https:\/\/www.facebook.com\/ernaehrung\/\" \/>\n<meta property=\"article:published_time\" content=\"2018-04-26T12:58:51+00:00\" \/>\n<meta property=\"article:modified_time\" content=\"2023-06-03T18:21:12+00:00\" \/>\n<meta property=\"og:image\" content=\"https:\/\/gesundheitsberatung.com\/ernaehrung\/wp-content\/uploads\/sites\/3\/warum_ist_baerlauch_so_gesund.jpg\" \/>\n\t<meta property=\"og:image:width\" content=\"1024\" \/>\n\t<meta property=\"og:image:height\" content=\"700\" \/>\n\t<meta property=\"og:image:type\" content=\"image\/jpeg\" \/>\n<meta name=\"author\" content=\"Patricia-Pina de Pasquale-M\u00fcnz\" \/>\n<meta name=\"twitter:card\" content=\"summary_large_image\" \/>\n<meta name=\"twitter:creator\" content=\"@Vistano\" \/>\n<meta name=\"twitter:site\" content=\"@Vistano\" \/>\n<script type=\"application\/ld+json\" class=\"yoast-schema-graph\">{\"@context\":\"https:\/\/schema.org\",\"@graph\":[{\"@type\":\"WebPage\",\"@id\":\"https:\/\/gesundheitsberatung.com\/ernaehrung\/der-heimische-garten\/warum-ist-baerlauch-so-gesund\/\",\"url\":\"https:\/\/gesundheitsberatung.com\/ernaehrung\/der-heimische-garten\/warum-ist-baerlauch-so-gesund\/\",\"name\":\"Warum ist B\u00e4rlauch so gesund? &#187; Ern\u00e4hrung\",\"isPartOf\":{\"@id\":\"https:\/\/gesundheitsberatung.com\/ernaehrung\/#website\"},\"primaryImageOfPage\":{\"@id\":\"https:\/\/gesundheitsberatung.com\/ernaehrung\/der-heimische-garten\/warum-ist-baerlauch-so-gesund\/#primaryimage\"},\"image\":{\"@id\":\"https:\/\/gesundheitsberatung.com\/ernaehrung\/der-heimische-garten\/warum-ist-baerlauch-so-gesund\/#primaryimage\"},\"thumbnailUrl\":\"https:\/\/gesundheitsberatung.com\/ernaehrung\/wp-content\/uploads\/sites\/3\/warum_ist_baerlauch_so_gesund.jpg\",\"datePublished\":\"2018-04-26T12:58:51+00:00\",\"dateModified\":\"2023-06-03T18:21:12+00:00\",\"author\":{\"@id\":\"https:\/\/gesundheitsberatung.com\/ernaehrung\/#\/schema\/person\/e8d647b01c63b8bc5c86b65f02c237f5\"},\"description\":\"Jeder bemerkt im Fr\u00fchjahr den Geruch des B\u00e4rlauchs im Wald: W\u00fcrzig riecht er, der B\u00e4rlauch, mit seinen l\u00e4nglichen und hellgr\u00fcnen Bl\u00e4ttern...\",\"breadcrumb\":{\"@id\":\"https:\/\/gesundheitsberatung.com\/ernaehrung\/der-heimische-garten\/warum-ist-baerlauch-so-gesund\/#breadcrumb\"},\"inLanguage\":\"de\",\"potentialAction\":[{\"@type\":\"ReadAction\",\"target\":[\"https:\/\/gesundheitsberatung.com\/ernaehrung\/der-heimische-garten\/warum-ist-baerlauch-so-gesund\/\"]}]},{\"@type\":\"ImageObject\",\"inLanguage\":\"de\",\"@id\":\"https:\/\/gesundheitsberatung.com\/ernaehrung\/der-heimische-garten\/warum-ist-baerlauch-so-gesund\/#primaryimage\",\"url\":\"https:\/\/gesundheitsberatung.com\/ernaehrung\/wp-content\/uploads\/sites\/3\/warum_ist_baerlauch_so_gesund.jpg\",\"contentUrl\":\"https:\/\/gesundheitsberatung.com\/ernaehrung\/wp-content\/uploads\/sites\/3\/warum_ist_baerlauch_so_gesund.jpg\",\"width\":1024,\"height\":700,\"caption\":\"Warum ist B\u00e4rlauch so gesund?\"},{\"@type\":\"BreadcrumbList\",\"@id\":\"https:\/\/gesundheitsberatung.com\/ernaehrung\/der-heimische-garten\/warum-ist-baerlauch-so-gesund\/#breadcrumb\",\"itemListElement\":[{\"@type\":\"ListItem\",\"position\":1,\"name\":\"Home\",\"item\":\"https:\/\/gesundheitsberatung.com\/ernaehrung\/\"},{\"@type\":\"ListItem\",\"position\":2,\"name\":\"Der heimische Garten\",\"item\":\"https:\/\/gesundheitsberatung.com\/ernaehrung\/magazin\/der-heimische-garten\/\"},{\"@type\":\"ListItem\",\"position\":3,\"name\":\"Warum ist B\u00e4rlauch so gesund?\"}]},{\"@type\":\"WebSite\",\"@id\":\"https:\/\/gesundheitsberatung.com\/ernaehrung\/#website\",\"url\":\"https:\/\/gesundheitsberatung.com\/ernaehrung\/\",\"name\":\"Ern\u00e4hrung\",\"description\":\"Ern\u00e4hrung \u260e Beratung durch Ern\u00e4hrungsberater! Jetzt Gratis-Beratung sichern: \u2714 \u00c4rzte \u2714 Heilpraktiker \u2714 Weight Coaches \u2714 Ern\u00e4hrungswissenschaftler \u2714 Di\u00e4tassistenten \u2714 Sportern\u00e4hrung bei Vistano Ern\u00e4hrung.\",\"potentialAction\":[{\"@type\":\"SearchAction\",\"target\":{\"@type\":\"EntryPoint\",\"urlTemplate\":\"https:\/\/gesundheitsberatung.com\/ernaehrung\/?s={search_term_string}\"},\"query-input\":{\"@type\":\"PropertyValueSpecification\",\"valueRequired\":true,\"valueName\":\"search_term_string\"}}],\"inLanguage\":\"de\"},{\"@type\":\"Person\",\"@id\":\"https:\/\/gesundheitsberatung.com\/ernaehrung\/#\/schema\/person\/e8d647b01c63b8bc5c86b65f02c237f5\",\"name\":\"Patricia-Pina de Pasquale-M\u00fcnz\",\"description\":\"Redakteurin bei Vistano Lebensberatung\",\"sameAs\":[\"http:\/\/www.vistano.com\/\"]}]}<\/script>\n<!-- \/ Yoast SEO plugin. -->","yoast_head_json":{"title":"Warum ist B\u00e4rlauch so gesund? &#187; Ern\u00e4hrung","description":"Jeder bemerkt im Fr\u00fchjahr den Geruch des B\u00e4rlauchs im Wald: W\u00fcrzig riecht er, der B\u00e4rlauch, mit seinen l\u00e4nglichen und hellgr\u00fcnen Bl\u00e4ttern...","robots":{"index":"index","follow":"follow","max-snippet":"max-snippet:-1","max-image-preview":"max-image-preview:large","max-video-preview":"max-video-preview:-1"},"canonical":"https:\/\/gesundheitsberatung.com\/ernaehrung\/der-heimische-garten\/warum-ist-baerlauch-so-gesund\/","og_locale":"de_DE","og_type":"article","og_title":"Warum ist B\u00e4rlauch so gesund? &#187; Ern\u00e4hrung","og_description":"Jeder bemerkt im Fr\u00fchjahr den Geruch des B\u00e4rlauchs im Wald: W\u00fcrzig riecht er, der B\u00e4rlauch, mit seinen l\u00e4nglichen und hellgr\u00fcnen Bl\u00e4ttern...","og_url":"https:\/\/gesundheitsberatung.com\/ernaehrung\/der-heimische-garten\/warum-ist-baerlauch-so-gesund\/","og_site_name":"Ern\u00e4hrung","article_publisher":"https:\/\/www.facebook.com\/ernaehrung\/","article_published_time":"2018-04-26T12:58:51+00:00","article_modified_time":"2023-06-03T18:21:12+00:00","og_image":[{"width":1024,"height":700,"url":"https:\/\/gesundheitsberatung.com\/ernaehrung\/wp-content\/uploads\/sites\/3\/warum_ist_baerlauch_so_gesund.jpg","type":"image\/jpeg"}],"author":"Patricia-Pina de Pasquale-M\u00fcnz","twitter_card":"summary_large_image","twitter_creator":"@Vistano","twitter_site":"@Vistano","schema":{"@context":"https:\/\/schema.org","@graph":[{"@type":"WebPage","@id":"https:\/\/gesundheitsberatung.com\/ernaehrung\/der-heimische-garten\/warum-ist-baerlauch-so-gesund\/","url":"https:\/\/gesundheitsberatung.com\/ernaehrung\/der-heimische-garten\/warum-ist-baerlauch-so-gesund\/","name":"Warum ist B\u00e4rlauch so gesund? &#187; Ern\u00e4hrung","isPartOf":{"@id":"https:\/\/gesundheitsberatung.com\/ernaehrung\/#website"},"primaryImageOfPage":{"@id":"https:\/\/gesundheitsberatung.com\/ernaehrung\/der-heimische-garten\/warum-ist-baerlauch-so-gesund\/#primaryimage"},"image":{"@id":"https:\/\/gesundheitsberatung.com\/ernaehrung\/der-heimische-garten\/warum-ist-baerlauch-so-gesund\/#primaryimage"},"thumbnailUrl":"https:\/\/gesundheitsberatung.com\/ernaehrung\/wp-content\/uploads\/sites\/3\/warum_ist_baerlauch_so_gesund.jpg","datePublished":"2018-04-26T12:58:51+00:00","dateModified":"2023-06-03T18:21:12+00:00","author":{"@id":"https:\/\/gesundheitsberatung.com\/ernaehrung\/#\/schema\/person\/e8d647b01c63b8bc5c86b65f02c237f5"},"description":"Jeder bemerkt im Fr\u00fchjahr den Geruch des B\u00e4rlauchs im Wald: W\u00fcrzig riecht er, der B\u00e4rlauch, mit seinen l\u00e4nglichen und hellgr\u00fcnen Bl\u00e4ttern...","breadcrumb":{"@id":"https:\/\/gesundheitsberatung.com\/ernaehrung\/der-heimische-garten\/warum-ist-baerlauch-so-gesund\/#breadcrumb"},"inLanguage":"de","potentialAction":[{"@type":"ReadAction","target":["https:\/\/gesundheitsberatung.com\/ernaehrung\/der-heimische-garten\/warum-ist-baerlauch-so-gesund\/"]}]},{"@type":"ImageObject","inLanguage":"de","@id":"https:\/\/gesundheitsberatung.com\/ernaehrung\/der-heimische-garten\/warum-ist-baerlauch-so-gesund\/#primaryimage","url":"https:\/\/gesundheitsberatung.com\/ernaehrung\/wp-content\/uploads\/sites\/3\/warum_ist_baerlauch_so_gesund.jpg","contentUrl":"https:\/\/gesundheitsberatung.com\/ernaehrung\/wp-content\/uploads\/sites\/3\/warum_ist_baerlauch_so_gesund.jpg","width":1024,"height":700,"caption":"Warum ist B\u00e4rlauch so gesund?"},{"@type":"BreadcrumbList","@id":"https:\/\/gesundheitsberatung.com\/ernaehrung\/der-heimische-garten\/warum-ist-baerlauch-so-gesund\/#breadcrumb","itemListElement":[{"@type":"ListItem","position":1,"name":"Home","item":"https:\/\/gesundheitsberatung.com\/ernaehrung\/"},{"@type":"ListItem","position":2,"name":"Der heimische Garten","item":"https:\/\/gesundheitsberatung.com\/ernaehrung\/magazin\/der-heimische-garten\/"},{"@type":"ListItem","position":3,"name":"Warum ist B\u00e4rlauch so gesund?"}]},{"@type":"WebSite","@id":"https:\/\/gesundheitsberatung.com\/ernaehrung\/#website","url":"https:\/\/gesundheitsberatung.com\/ernaehrung\/","name":"Ern\u00e4hrung","description":"Ern\u00e4hrung \u260e Beratung durch Ern\u00e4hrungsberater! Jetzt Gratis-Beratung sichern: \u2714 \u00c4rzte \u2714 Heilpraktiker \u2714 Weight Coaches \u2714 Ern\u00e4hrungswissenschaftler \u2714 Di\u00e4tassistenten \u2714 Sportern\u00e4hrung bei Vistano Ern\u00e4hrung.","potentialAction":[{"@type":"SearchAction","target":{"@type":"EntryPoint","urlTemplate":"https:\/\/gesundheitsberatung.com\/ernaehrung\/?s={search_term_string}"},"query-input":{"@type":"PropertyValueSpecification","valueRequired":true,"valueName":"search_term_string"}}],"inLanguage":"de"},{"@type":"Person","@id":"https:\/\/gesundheitsberatung.com\/ernaehrung\/#\/schema\/person\/e8d647b01c63b8bc5c86b65f02c237f5","name":"Patricia-Pina de Pasquale-M\u00fcnz","description":"Redakteurin bei Vistano Lebensberatung","sameAs":["http:\/\/www.vistano.com\/"]}]}},"_links":{"self":[{"href":"https:\/\/gesundheitsberatung.com\/ernaehrung\/wp-json\/wp\/v2\/posts\/16747","targetHints":{"allow":["GET"]}}],"collection":[{"href":"https:\/\/gesundheitsberatung.com\/ernaehrung\/wp-json\/wp\/v2\/posts"}],"about":[{"href":"https:\/\/gesundheitsberatung.com\/ernaehrung\/wp-json\/wp\/v2\/types\/post"}],"author":[{"embeddable":true,"href":"https:\/\/gesundheitsberatung.com\/ernaehrung\/wp-json\/wp\/v2\/users\/7"}],"replies":[{"embeddable":true,"href":"https:\/\/gesundheitsberatung.com\/ernaehrung\/wp-json\/wp\/v2\/comments?post=16747"}],"version-history":[{"count":0,"href":"https:\/\/gesundheitsberatung.com\/ernaehrung\/wp-json\/wp\/v2\/posts\/16747\/revisions"}],"wp:featuredmedia":[{"embeddable":true,"href":"https:\/\/gesundheitsberatung.com\/ernaehrung\/wp-json\/wp\/v2\/media\/17561"}],"wp:attachment":[{"href":"https:\/\/gesundheitsberatung.com\/ernaehrung\/wp-json\/wp\/v2\/media?parent=16747"}],"wp:term":[{"taxonomy":"category","embeddable":true,"href":"https:\/\/gesundheitsberatung.com\/ernaehrung\/wp-json\/wp\/v2\/categories?post=16747"},{"taxonomy":"post_tag","embeddable":true,"href":"https:\/\/gesundheitsberatung.com\/ernaehrung\/wp-json\/wp\/v2\/tags?post=16747"}],"curies":[{"name":"wp","href":"https:\/\/api.w.org\/{rel}","templated":true}]}}