{"id":12225,"date":"2016-06-06T12:58:08","date_gmt":"2016-06-06T11:58:08","guid":{"rendered":"http:\/\/gesundheitsberatung.com\/ernaehrung\/?p=12225"},"modified":"2023-06-03T20:25:01","modified_gmt":"2023-06-03T18:25:01","slug":"der-segen-des-gemeinsamen-essens","status":"publish","type":"post","link":"https:\/\/gesundheitsberatung.com\/ernaehrung\/news-storys\/der-segen-des-gemeinsamen-essens\/","title":{"rendered":"Der Segen des gemeinsamen Essens"},"content":{"rendered":"<p><b>Gemeinsam Essen<\/b> ist ein Segen. Fr\u00fcher war es selbstverst\u00e4ndlich gemeinsam und in Ruhe am Tisch zusammen zu sitzen und zu essen. In der heutigen Zeit hat sich das aber grundlegend ver\u00e4ndert. Der Trend geht zu modernen Wohnk\u00fcchen \u00fcber. Diese Wohnk\u00fcchen m\u00f6gen zwar sehr praktisch erscheinen, erholsam sind sie allerdings nicht unbedingt.<\/p>\n<p>Es sind vor allem die unscheinbaren Dinge, an denen sich gesellschaftliche Ver\u00e4nderungen ablesen lassen. Ein Beispiel daf\u00fcr ist, wie wir uns zu Tisch setzen. Jahrhundertelang war es ein fest geschriebenes Familienritual, gemeinsam zu essen. Des Weiteren gab es feste Sitzpl\u00e4tze und es gab auch immer ein Tischgebet.<\/p>\n<p>Eine gemeinsame Mahlzeit ist heute allerdings nicht mehr selbstverst\u00e4ndlich. Daf\u00fcr gibt es Gr\u00fcnde. Schul- und Arbeitszeiten sind viel flexibler geworden, wodurch Eltern und Kinder nicht immer zeitgleich Zeit haben um gemeinsam essen zu k\u00f6nnen. Dazu kommt, dass die Rollenaufteilung innerhalb der Familie sich auch ver\u00e4ndert hat. Heutzutage ringen Familien f\u00f6rmlich darum, Zeit miteinander verbringen zu k\u00f6nnen. Diese gemeinsame Zeit verbringen sie nicht zwangsl\u00e4ufig beim gemeinsamen Essen.<\/p>\n<p>Die Entwicklung hat auch zu ver\u00e4nderten Wohnungen gef\u00fchrt. Fr\u00fcher gab es in vielen Wohnungen und H\u00e4usern noch Durchreichen. Sie waren der einzige Weg, der vom Esszimmer zur K\u00fcche f\u00fchrte. Durchreichen hatten auch einen symbolischen Wert, sie standen f\u00fcr die klare Abtrennung von Verzehr- und Kochsph\u00e4re.<\/p>\n<p>Fr\u00fcher wurde auch nicht so viel Wert auf die Zubereitung einer Mahlzeit gelegt. K\u00fcchenger\u00e4te dienten nur als Werkzeuge und waren keine Statussymbole. Kochen war damals auch nicht wie heute ein Hobby. Fr\u00fcher wollte niemand Eindruck mit seinen Kochk\u00fcnsten schinden. Mittlerweile gibt es in der K\u00fcche viel mehr Ger\u00fcche und es ist sehr laut. Die gemeinsame Zeit sollte davon eigentlich verschont bleiben. Diese Zeit sollte ja der Konversation und dem Genuss dienen.<\/p>\n<p>Diese Ansicht von fr\u00fcher klingt nat\u00fcrlich sehr idyllisch. Das war allerdings auch nicht immer der Fall, strenge Hierarchien und Regeln geh\u00f6rten fr\u00fcher zur Tagesordnung. Gemeinsame Zeit muss heute eben hart erk\u00e4mpft werden und sie bleibt ein Segen.<\/p>\n<p>&nbsp;<\/p>\n","protected":false},"excerpt":{"rendered":"<p>Gemeinsam Essen ist ein Segen. Fr\u00fcher war es selbstverst\u00e4ndlich gemeinsam und in Ruhe am Tisch zusammen zu sitzen und zu essen. In der heutigen Zeit hat sich das aber grundlegend ver\u00e4ndert. Der Trend geht zu modernen Wohnk\u00fcchen \u00fcber. Diese Wohnk\u00fcchen m\u00f6gen zwar sehr praktisch erscheinen, erholsam sind sie allerdings nicht unbedingt. Es sind vor allem [&hellip;]<\/p>\n","protected":false},"author":9,"featured_media":12253,"comment_status":"closed","ping_status":"closed","sticky":false,"template":"","format":"standard","meta":{"footnotes":""},"categories":[1],"tags":[4904,4870,4871,4872,4873,4874],"class_list":["post-12225","post","type-post","status-publish","format-standard","has-post-thumbnail","hentry","category-news-storys","tag-essen-lebenslage","tag-essen-familie-segen","tag-essen-familienritual","tag-familie","tag-gemeinsam-essen-tradition","tag-rituale"],"yoast_head":"<!-- This site is optimized with the Yoast SEO plugin v26.0 - https:\/\/yoast.com\/wordpress\/plugins\/seo\/ -->\n<title>Der Segen des gemeinsamen Essens &#187; Ern\u00e4hrung<\/title>\n<meta name=\"description\" content=\"Gemeinsam Essen ist ein Segen. Fr\u00fcher war es selbstverst\u00e4ndlich gemeinsam und in Ruhe am Tisch zusammen zu sitzen und zu essen. In der heutigen Zeit hat\" \/>\n<meta name=\"robots\" content=\"index, follow, max-snippet:-1, max-image-preview:large, max-video-preview:-1\" \/>\n<link rel=\"canonical\" href=\"https:\/\/gesundheitsberatung.com\/ernaehrung\/news-storys\/der-segen-des-gemeinsamen-essens\/\" \/>\n<meta property=\"og:locale\" content=\"de_DE\" \/>\n<meta property=\"og:type\" content=\"article\" \/>\n<meta property=\"og:title\" content=\"Der Segen des gemeinsamen Essens &#187; Ern\u00e4hrung\" \/>\n<meta property=\"og:description\" content=\"Gemeinsam Essen ist ein Segen. Fr\u00fcher war es selbstverst\u00e4ndlich gemeinsam und in Ruhe am Tisch zusammen zu sitzen und zu essen. In der heutigen Zeit hat\" \/>\n<meta property=\"og:url\" content=\"https:\/\/gesundheitsberatung.com\/ernaehrung\/news-storys\/der-segen-des-gemeinsamen-essens\/\" \/>\n<meta property=\"og:site_name\" content=\"Ern\u00e4hrung\" \/>\n<meta property=\"article:publisher\" content=\"https:\/\/www.facebook.com\/ernaehrung\/\" \/>\n<meta property=\"article:published_time\" content=\"2016-06-06T11:58:08+00:00\" \/>\n<meta property=\"article:modified_time\" content=\"2023-06-03T18:25:01+00:00\" \/>\n<meta property=\"og:image\" content=\"https:\/\/gesundheitsberatung.com\/ernaehrung\/wp-content\/uploads\/sites\/3\/Segen_gemeinsamen_Essens.jpg\" \/>\n\t<meta property=\"og:image:width\" content=\"1024\" \/>\n\t<meta property=\"og:image:height\" content=\"680\" \/>\n\t<meta property=\"og:image:type\" content=\"image\/jpeg\" \/>\n<meta name=\"author\" content=\"Laura Behm\" \/>\n<meta name=\"twitter:card\" content=\"summary_large_image\" \/>\n<meta name=\"twitter:creator\" content=\"@Vistano\" \/>\n<meta name=\"twitter:site\" content=\"@Vistano\" \/>\n<script type=\"application\/ld+json\" class=\"yoast-schema-graph\">{\"@context\":\"https:\/\/schema.org\",\"@graph\":[{\"@type\":\"WebPage\",\"@id\":\"https:\/\/gesundheitsberatung.com\/ernaehrung\/news-storys\/der-segen-des-gemeinsamen-essens\/\",\"url\":\"https:\/\/gesundheitsberatung.com\/ernaehrung\/news-storys\/der-segen-des-gemeinsamen-essens\/\",\"name\":\"Der Segen des gemeinsamen Essens &#187; Ern\u00e4hrung\",\"isPartOf\":{\"@id\":\"https:\/\/gesundheitsberatung.com\/ernaehrung\/#website\"},\"primaryImageOfPage\":{\"@id\":\"https:\/\/gesundheitsberatung.com\/ernaehrung\/news-storys\/der-segen-des-gemeinsamen-essens\/#primaryimage\"},\"image\":{\"@id\":\"https:\/\/gesundheitsberatung.com\/ernaehrung\/news-storys\/der-segen-des-gemeinsamen-essens\/#primaryimage\"},\"thumbnailUrl\":\"https:\/\/gesundheitsberatung.com\/ernaehrung\/wp-content\/uploads\/sites\/3\/Segen_gemeinsamen_Essens.jpg\",\"datePublished\":\"2016-06-06T11:58:08+00:00\",\"dateModified\":\"2023-06-03T18:25:01+00:00\",\"author\":{\"@id\":\"https:\/\/gesundheitsberatung.com\/ernaehrung\/#\/schema\/person\/ef95dd512e246837e5c8b258fef765bf\"},\"description\":\"Gemeinsam Essen ist ein Segen. Fr\u00fcher war es selbstverst\u00e4ndlich gemeinsam und in Ruhe am Tisch zusammen zu sitzen und zu essen. In der heutigen Zeit hat\",\"breadcrumb\":{\"@id\":\"https:\/\/gesundheitsberatung.com\/ernaehrung\/news-storys\/der-segen-des-gemeinsamen-essens\/#breadcrumb\"},\"inLanguage\":\"de\",\"potentialAction\":[{\"@type\":\"ReadAction\",\"target\":[\"https:\/\/gesundheitsberatung.com\/ernaehrung\/news-storys\/der-segen-des-gemeinsamen-essens\/\"]}]},{\"@type\":\"ImageObject\",\"inLanguage\":\"de\",\"@id\":\"https:\/\/gesundheitsberatung.com\/ernaehrung\/news-storys\/der-segen-des-gemeinsamen-essens\/#primaryimage\",\"url\":\"https:\/\/gesundheitsberatung.com\/ernaehrung\/wp-content\/uploads\/sites\/3\/Segen_gemeinsamen_Essens.jpg\",\"contentUrl\":\"https:\/\/gesundheitsberatung.com\/ernaehrung\/wp-content\/uploads\/sites\/3\/Segen_gemeinsamen_Essens.jpg\",\"width\":1024,\"height\":680,\"caption\":\"Der Segen des gemeinsamen Essens\"},{\"@type\":\"BreadcrumbList\",\"@id\":\"https:\/\/gesundheitsberatung.com\/ernaehrung\/news-storys\/der-segen-des-gemeinsamen-essens\/#breadcrumb\",\"itemListElement\":[{\"@type\":\"ListItem\",\"position\":1,\"name\":\"Home\",\"item\":\"https:\/\/gesundheitsberatung.com\/ernaehrung\/\"},{\"@type\":\"ListItem\",\"position\":2,\"name\":\"News &amp; Storys\",\"item\":\"https:\/\/gesundheitsberatung.com\/ernaehrung\/magazin\/news-storys\/\"},{\"@type\":\"ListItem\",\"position\":3,\"name\":\"Der Segen des gemeinsamen Essens\"}]},{\"@type\":\"WebSite\",\"@id\":\"https:\/\/gesundheitsberatung.com\/ernaehrung\/#website\",\"url\":\"https:\/\/gesundheitsberatung.com\/ernaehrung\/\",\"name\":\"Ern\u00e4hrung\",\"description\":\"Ern\u00e4hrung \u260e Beratung durch Ern\u00e4hrungsberater! Jetzt Gratis-Beratung sichern: \u2714 \u00c4rzte \u2714 Heilpraktiker \u2714 Weight Coaches \u2714 Ern\u00e4hrungswissenschaftler \u2714 Di\u00e4tassistenten \u2714 Sportern\u00e4hrung bei Vistano Ern\u00e4hrung.\",\"potentialAction\":[{\"@type\":\"SearchAction\",\"target\":{\"@type\":\"EntryPoint\",\"urlTemplate\":\"https:\/\/gesundheitsberatung.com\/ernaehrung\/?s={search_term_string}\"},\"query-input\":{\"@type\":\"PropertyValueSpecification\",\"valueRequired\":true,\"valueName\":\"search_term_string\"}}],\"inLanguage\":\"de\"},{\"@type\":\"Person\",\"@id\":\"https:\/\/gesundheitsberatung.com\/ernaehrung\/#\/schema\/person\/ef95dd512e246837e5c8b258fef765bf\",\"name\":\"Laura Behm\",\"description\":\"Redakteurin bei Vistano Lebensberatung\",\"sameAs\":[\"http:\/\/www.vistano.com\/\"]}]}<\/script>\n<!-- \/ Yoast SEO plugin. -->","yoast_head_json":{"title":"Der Segen des gemeinsamen Essens &#187; Ern\u00e4hrung","description":"Gemeinsam Essen ist ein Segen. Fr\u00fcher war es selbstverst\u00e4ndlich gemeinsam und in Ruhe am Tisch zusammen zu sitzen und zu essen. In der heutigen Zeit hat","robots":{"index":"index","follow":"follow","max-snippet":"max-snippet:-1","max-image-preview":"max-image-preview:large","max-video-preview":"max-video-preview:-1"},"canonical":"https:\/\/gesundheitsberatung.com\/ernaehrung\/news-storys\/der-segen-des-gemeinsamen-essens\/","og_locale":"de_DE","og_type":"article","og_title":"Der Segen des gemeinsamen Essens &#187; Ern\u00e4hrung","og_description":"Gemeinsam Essen ist ein Segen. Fr\u00fcher war es selbstverst\u00e4ndlich gemeinsam und in Ruhe am Tisch zusammen zu sitzen und zu essen. In der heutigen Zeit hat","og_url":"https:\/\/gesundheitsberatung.com\/ernaehrung\/news-storys\/der-segen-des-gemeinsamen-essens\/","og_site_name":"Ern\u00e4hrung","article_publisher":"https:\/\/www.facebook.com\/ernaehrung\/","article_published_time":"2016-06-06T11:58:08+00:00","article_modified_time":"2023-06-03T18:25:01+00:00","og_image":[{"width":1024,"height":680,"url":"https:\/\/gesundheitsberatung.com\/ernaehrung\/wp-content\/uploads\/sites\/3\/Segen_gemeinsamen_Essens.jpg","type":"image\/jpeg"}],"author":"Laura Behm","twitter_card":"summary_large_image","twitter_creator":"@Vistano","twitter_site":"@Vistano","schema":{"@context":"https:\/\/schema.org","@graph":[{"@type":"WebPage","@id":"https:\/\/gesundheitsberatung.com\/ernaehrung\/news-storys\/der-segen-des-gemeinsamen-essens\/","url":"https:\/\/gesundheitsberatung.com\/ernaehrung\/news-storys\/der-segen-des-gemeinsamen-essens\/","name":"Der Segen des gemeinsamen Essens &#187; Ern\u00e4hrung","isPartOf":{"@id":"https:\/\/gesundheitsberatung.com\/ernaehrung\/#website"},"primaryImageOfPage":{"@id":"https:\/\/gesundheitsberatung.com\/ernaehrung\/news-storys\/der-segen-des-gemeinsamen-essens\/#primaryimage"},"image":{"@id":"https:\/\/gesundheitsberatung.com\/ernaehrung\/news-storys\/der-segen-des-gemeinsamen-essens\/#primaryimage"},"thumbnailUrl":"https:\/\/gesundheitsberatung.com\/ernaehrung\/wp-content\/uploads\/sites\/3\/Segen_gemeinsamen_Essens.jpg","datePublished":"2016-06-06T11:58:08+00:00","dateModified":"2023-06-03T18:25:01+00:00","author":{"@id":"https:\/\/gesundheitsberatung.com\/ernaehrung\/#\/schema\/person\/ef95dd512e246837e5c8b258fef765bf"},"description":"Gemeinsam Essen ist ein Segen. Fr\u00fcher war es selbstverst\u00e4ndlich gemeinsam und in Ruhe am Tisch zusammen zu sitzen und zu essen. In der heutigen Zeit hat","breadcrumb":{"@id":"https:\/\/gesundheitsberatung.com\/ernaehrung\/news-storys\/der-segen-des-gemeinsamen-essens\/#breadcrumb"},"inLanguage":"de","potentialAction":[{"@type":"ReadAction","target":["https:\/\/gesundheitsberatung.com\/ernaehrung\/news-storys\/der-segen-des-gemeinsamen-essens\/"]}]},{"@type":"ImageObject","inLanguage":"de","@id":"https:\/\/gesundheitsberatung.com\/ernaehrung\/news-storys\/der-segen-des-gemeinsamen-essens\/#primaryimage","url":"https:\/\/gesundheitsberatung.com\/ernaehrung\/wp-content\/uploads\/sites\/3\/Segen_gemeinsamen_Essens.jpg","contentUrl":"https:\/\/gesundheitsberatung.com\/ernaehrung\/wp-content\/uploads\/sites\/3\/Segen_gemeinsamen_Essens.jpg","width":1024,"height":680,"caption":"Der Segen des gemeinsamen Essens"},{"@type":"BreadcrumbList","@id":"https:\/\/gesundheitsberatung.com\/ernaehrung\/news-storys\/der-segen-des-gemeinsamen-essens\/#breadcrumb","itemListElement":[{"@type":"ListItem","position":1,"name":"Home","item":"https:\/\/gesundheitsberatung.com\/ernaehrung\/"},{"@type":"ListItem","position":2,"name":"News &amp; Storys","item":"https:\/\/gesundheitsberatung.com\/ernaehrung\/magazin\/news-storys\/"},{"@type":"ListItem","position":3,"name":"Der Segen des gemeinsamen Essens"}]},{"@type":"WebSite","@id":"https:\/\/gesundheitsberatung.com\/ernaehrung\/#website","url":"https:\/\/gesundheitsberatung.com\/ernaehrung\/","name":"Ern\u00e4hrung","description":"Ern\u00e4hrung \u260e Beratung durch Ern\u00e4hrungsberater! Jetzt Gratis-Beratung sichern: \u2714 \u00c4rzte \u2714 Heilpraktiker \u2714 Weight Coaches \u2714 Ern\u00e4hrungswissenschaftler \u2714 Di\u00e4tassistenten \u2714 Sportern\u00e4hrung bei Vistano Ern\u00e4hrung.","potentialAction":[{"@type":"SearchAction","target":{"@type":"EntryPoint","urlTemplate":"https:\/\/gesundheitsberatung.com\/ernaehrung\/?s={search_term_string}"},"query-input":{"@type":"PropertyValueSpecification","valueRequired":true,"valueName":"search_term_string"}}],"inLanguage":"de"},{"@type":"Person","@id":"https:\/\/gesundheitsberatung.com\/ernaehrung\/#\/schema\/person\/ef95dd512e246837e5c8b258fef765bf","name":"Laura Behm","description":"Redakteurin bei Vistano Lebensberatung","sameAs":["http:\/\/www.vistano.com\/"]}]}},"_links":{"self":[{"href":"https:\/\/gesundheitsberatung.com\/ernaehrung\/wp-json\/wp\/v2\/posts\/12225","targetHints":{"allow":["GET"]}}],"collection":[{"href":"https:\/\/gesundheitsberatung.com\/ernaehrung\/wp-json\/wp\/v2\/posts"}],"about":[{"href":"https:\/\/gesundheitsberatung.com\/ernaehrung\/wp-json\/wp\/v2\/types\/post"}],"author":[{"embeddable":true,"href":"https:\/\/gesundheitsberatung.com\/ernaehrung\/wp-json\/wp\/v2\/users\/9"}],"replies":[{"embeddable":true,"href":"https:\/\/gesundheitsberatung.com\/ernaehrung\/wp-json\/wp\/v2\/comments?post=12225"}],"version-history":[{"count":0,"href":"https:\/\/gesundheitsberatung.com\/ernaehrung\/wp-json\/wp\/v2\/posts\/12225\/revisions"}],"wp:featuredmedia":[{"embeddable":true,"href":"https:\/\/gesundheitsberatung.com\/ernaehrung\/wp-json\/wp\/v2\/media\/12253"}],"wp:attachment":[{"href":"https:\/\/gesundheitsberatung.com\/ernaehrung\/wp-json\/wp\/v2\/media?parent=12225"}],"wp:term":[{"taxonomy":"category","embeddable":true,"href":"https:\/\/gesundheitsberatung.com\/ernaehrung\/wp-json\/wp\/v2\/categories?post=12225"},{"taxonomy":"post_tag","embeddable":true,"href":"https:\/\/gesundheitsberatung.com\/ernaehrung\/wp-json\/wp\/v2\/tags?post=12225"}],"curies":[{"name":"wp","href":"https:\/\/api.w.org\/{rel}","templated":true}]}}