{"id":12114,"date":"2016-04-26T14:51:44","date_gmt":"2016-04-26T13:51:44","guid":{"rendered":"http:\/\/gesundheitsberatung.com\/ernaehrung\/?p=12114"},"modified":"2023-06-03T20:32:33","modified_gmt":"2023-06-03T18:32:33","slug":"deutschland-wie-es-isst-der-ernaehrungsreport-2016","status":"publish","type":"post","link":"https:\/\/gesundheitsberatung.com\/ernaehrung\/news-storys\/deutschland-wie-es-isst-der-ernaehrungsreport-2016\/","title":{"rendered":"\u201eDeutschland, wie es isst\u201c: Der Ern\u00e4hrungsreport 2016"},"content":{"rendered":"<p>Wie sind die Menschen in Deutschland zum Thema Ern\u00e4hrung eingestellt? Welche Entwicklungen und Trends sind zu beobachten? Diesen und \u00e4hnlichen Fragen geht der <b>Ern\u00e4hrungsreport 2016<\/b> nach.<\/p>\n<p>Die Grundlage dieses Reports bildet eine Umfrage des Meinungsforschungsinstituts Forsa, die vom Bundesministerium f\u00fcr Ern\u00e4hrung und Landwirtschaft in Auftrag gegeben wurde. Anfang des Jahres stellten der Bundesminister f\u00fcr Ern\u00e4hrung, Christian Schmidt, und der Gesch\u00e4ftsf\u00fchrer von Forsa, Professor Manfred G\u00fcllner, die Ergebnisse vor.<\/p>\n<p>Aus dem Report geht hervor, dass eine gesunde Ern\u00e4hrung bei vielen Deutschen einen hohen Stellenwert einnimmt. Die Mehrheit der Befragten gab an, im Alltag auf eine gesunde und ausgewogene Ern\u00e4hrung zu achten. Andererseits ist die wachsende Zahl der \u00dcbergewichtigen besorgniserregend, besonders da immer mehr Kinder betroffen sind.<\/p>\n<p>Des Weiteren wurde festgestellt, dass Kinder und Jugendliche Lebensmittel immer weniger wertsch\u00e4tzen. \u00dcber zwei Drittel der befragten Sch\u00fcler gaben an, regelm\u00e4\u00dfig Lebensmittel wegzuwerfen. Bei den Senioren war diese Zahl deutlich niedriger. Minister Schmidt hebt hervor, dass eine fr\u00fche Aufkl\u00e4rung \u00fcber einen bewussten Umgang mit Nahrungsmitteln daher immens wichtig sei. Der Minister fordert, ein eigenes Schulfach zum Thema Ern\u00e4hrung zu etablieren. Ganze 92 Prozent der Befragten bef\u00fcrworten eine fr\u00fche kindgerechte Aufkl\u00e4rung in Schulen und Kitas.<\/p>\n<p>Wie steht es um die Verbraucherinformationen beim Einkauf? Grunds\u00e4tzliche zeigten sich 77 Prozent mit den ihnen zur Verf\u00fcgung stehenden Informationen zufrieden. Trotz Internet und Smartphones vertraut die Mehrheit der Verbraucher auf die Angaben, die sie vor Ort auf Siegeln und Etiketten geliefert bekommen. Minister Schmidt h\u00e4lt vertrauensw\u00fcrdige Verbraucherinformationen und den Schutz vor T\u00e4uschung f\u00fcr besonders wichtig, daher m\u00f6chte er Teile des Deutschen Lebensmittelbuches reformieren.<\/p>\n<p>Au\u00dferdem zeigte die Befragung, dass deutsche Verbraucher gro\u00dfes Vertrauen in ihre Lebensmittel haben und die Bedingungen, unter denen hierzulande produziert wird, als gut bewerten. Ern\u00e4hrungsminister Schmidt zeigte sich erfreut dar\u00fcber, dass sich 86 Prozent der Befragten f\u00fcr eine bessere Bezahlung der Bauern aussprachen. Dies sei ein deutliches Signal, dass die Landwirte und ihre Situation den Verbrauchern nicht egal seien.<\/p>\n<p>&nbsp;<\/p>\n","protected":false},"excerpt":{"rendered":"<p>Wie sind die Menschen in Deutschland zum Thema Ern\u00e4hrung eingestellt? Welche Entwicklungen und Trends sind zu beobachten? Diesen und \u00e4hnlichen Fragen geht der Ern\u00e4hrungsreport 2016 nach. Die Grundlage dieses Reports bildet eine Umfrage des Meinungsforschungsinstituts Forsa, die vom Bundesministerium f\u00fcr Ern\u00e4hrung und Landwirtschaft in Auftrag gegeben wurde. Anfang des Jahres stellten der Bundesminister f\u00fcr Ern\u00e4hrung, [&hellip;]<\/p>\n","protected":false},"author":9,"featured_media":12159,"comment_status":"closed","ping_status":"closed","sticky":false,"template":"","format":"standard","meta":{"footnotes":""},"categories":[1,4888],"tags":[4755,86,4756,4757,4758],"class_list":["post-12114","post","type-post","status-publish","format-standard","has-post-thumbnail","hentry","category-news-storys","category-wissenswertes","tag-einstellung-deutschland-ernaehrung","tag-ernaehrung","tag-ernaehrungsreport","tag-ernaehrungsreport-2016","tag-wertschaetzung-jugendliche-lebensmittel"],"yoast_head":"<!-- This site is optimized with the Yoast SEO plugin v26.0 - https:\/\/yoast.com\/wordpress\/plugins\/seo\/ -->\n<title>\u201eDeutschland, wie es isst\u201c: Der Ern\u00e4hrungsreport 2016 &#187; Ern\u00e4hrung<\/title>\n<meta name=\"description\" content=\"Wie sind die Menschen in Deutschland zum Thema Ern\u00e4hrung eingestellt? Welche Entwicklungen und Trends sind zu beobachten? Diesen und \u00e4hnlichen Fragen geht\" \/>\n<meta name=\"robots\" content=\"index, follow, max-snippet:-1, max-image-preview:large, max-video-preview:-1\" \/>\n<link rel=\"canonical\" href=\"https:\/\/gesundheitsberatung.com\/ernaehrung\/news-storys\/deutschland-wie-es-isst-der-ernaehrungsreport-2016\/\" \/>\n<meta property=\"og:locale\" content=\"de_DE\" \/>\n<meta property=\"og:type\" content=\"article\" \/>\n<meta property=\"og:title\" content=\"\u201eDeutschland, wie es isst\u201c: Der Ern\u00e4hrungsreport 2016 &#187; Ern\u00e4hrung\" \/>\n<meta property=\"og:description\" content=\"Wie sind die Menschen in Deutschland zum Thema Ern\u00e4hrung eingestellt? Welche Entwicklungen und Trends sind zu beobachten? Diesen und \u00e4hnlichen Fragen geht\" \/>\n<meta property=\"og:url\" content=\"https:\/\/gesundheitsberatung.com\/ernaehrung\/news-storys\/deutschland-wie-es-isst-der-ernaehrungsreport-2016\/\" \/>\n<meta property=\"og:site_name\" content=\"Ern\u00e4hrung\" \/>\n<meta property=\"article:publisher\" content=\"https:\/\/www.facebook.com\/ernaehrung\/\" \/>\n<meta property=\"article:published_time\" content=\"2016-04-26T13:51:44+00:00\" \/>\n<meta property=\"article:modified_time\" content=\"2023-06-03T18:32:33+00:00\" \/>\n<meta property=\"og:image\" content=\"https:\/\/gesundheitsberatung.com\/ernaehrung\/wp-content\/uploads\/sites\/3\/Ern\u00e4hrungsreport_2016.jpg\" \/>\n\t<meta property=\"og:image:width\" content=\"1024\" \/>\n\t<meta property=\"og:image:height\" content=\"682\" \/>\n\t<meta property=\"og:image:type\" content=\"image\/jpeg\" \/>\n<meta name=\"author\" content=\"Laura Behm\" \/>\n<meta name=\"twitter:card\" content=\"summary_large_image\" \/>\n<meta name=\"twitter:creator\" content=\"@Vistano\" \/>\n<meta name=\"twitter:site\" content=\"@Vistano\" \/>\n<script type=\"application\/ld+json\" class=\"yoast-schema-graph\">{\"@context\":\"https:\/\/schema.org\",\"@graph\":[{\"@type\":\"WebPage\",\"@id\":\"https:\/\/gesundheitsberatung.com\/ernaehrung\/news-storys\/deutschland-wie-es-isst-der-ernaehrungsreport-2016\/\",\"url\":\"https:\/\/gesundheitsberatung.com\/ernaehrung\/news-storys\/deutschland-wie-es-isst-der-ernaehrungsreport-2016\/\",\"name\":\"\u201eDeutschland, wie es isst\u201c: Der Ern\u00e4hrungsreport 2016 &#187; Ern\u00e4hrung\",\"isPartOf\":{\"@id\":\"https:\/\/gesundheitsberatung.com\/ernaehrung\/#website\"},\"primaryImageOfPage\":{\"@id\":\"https:\/\/gesundheitsberatung.com\/ernaehrung\/news-storys\/deutschland-wie-es-isst-der-ernaehrungsreport-2016\/#primaryimage\"},\"image\":{\"@id\":\"https:\/\/gesundheitsberatung.com\/ernaehrung\/news-storys\/deutschland-wie-es-isst-der-ernaehrungsreport-2016\/#primaryimage\"},\"thumbnailUrl\":\"https:\/\/gesundheitsberatung.com\/ernaehrung\/wp-content\/uploads\/sites\/3\/Ern\u00e4hrungsreport_2016.jpg\",\"datePublished\":\"2016-04-26T13:51:44+00:00\",\"dateModified\":\"2023-06-03T18:32:33+00:00\",\"author\":{\"@id\":\"https:\/\/gesundheitsberatung.com\/ernaehrung\/#\/schema\/person\/ef95dd512e246837e5c8b258fef765bf\"},\"description\":\"Wie sind die Menschen in Deutschland zum Thema Ern\u00e4hrung eingestellt? Welche Entwicklungen und Trends sind zu beobachten? Diesen und \u00e4hnlichen Fragen geht\",\"breadcrumb\":{\"@id\":\"https:\/\/gesundheitsberatung.com\/ernaehrung\/news-storys\/deutschland-wie-es-isst-der-ernaehrungsreport-2016\/#breadcrumb\"},\"inLanguage\":\"de\",\"potentialAction\":[{\"@type\":\"ReadAction\",\"target\":[\"https:\/\/gesundheitsberatung.com\/ernaehrung\/news-storys\/deutschland-wie-es-isst-der-ernaehrungsreport-2016\/\"]}]},{\"@type\":\"ImageObject\",\"inLanguage\":\"de\",\"@id\":\"https:\/\/gesundheitsberatung.com\/ernaehrung\/news-storys\/deutschland-wie-es-isst-der-ernaehrungsreport-2016\/#primaryimage\",\"url\":\"https:\/\/gesundheitsberatung.com\/ernaehrung\/wp-content\/uploads\/sites\/3\/Ern\u00e4hrungsreport_2016.jpg\",\"contentUrl\":\"https:\/\/gesundheitsberatung.com\/ernaehrung\/wp-content\/uploads\/sites\/3\/Ern\u00e4hrungsreport_2016.jpg\",\"width\":1024,\"height\":682,\"caption\":\"\u201eDeutschland, wie es isst\u201c: Der Ern\u00e4hrungsreport 2016\"},{\"@type\":\"BreadcrumbList\",\"@id\":\"https:\/\/gesundheitsberatung.com\/ernaehrung\/news-storys\/deutschland-wie-es-isst-der-ernaehrungsreport-2016\/#breadcrumb\",\"itemListElement\":[{\"@type\":\"ListItem\",\"position\":1,\"name\":\"Home\",\"item\":\"https:\/\/gesundheitsberatung.com\/ernaehrung\/\"},{\"@type\":\"ListItem\",\"position\":2,\"name\":\"News &amp; Storys\",\"item\":\"https:\/\/gesundheitsberatung.com\/ernaehrung\/magazin\/news-storys\/\"},{\"@type\":\"ListItem\",\"position\":3,\"name\":\"\u201eDeutschland, wie es isst\u201c: Der Ern\u00e4hrungsreport 2016\"}]},{\"@type\":\"WebSite\",\"@id\":\"https:\/\/gesundheitsberatung.com\/ernaehrung\/#website\",\"url\":\"https:\/\/gesundheitsberatung.com\/ernaehrung\/\",\"name\":\"Ern\u00e4hrung\",\"description\":\"Ern\u00e4hrung \u260e Beratung durch Ern\u00e4hrungsberater! Jetzt Gratis-Beratung sichern: \u2714 \u00c4rzte \u2714 Heilpraktiker \u2714 Weight Coaches \u2714 Ern\u00e4hrungswissenschaftler \u2714 Di\u00e4tassistenten \u2714 Sportern\u00e4hrung bei Vistano Ern\u00e4hrung.\",\"potentialAction\":[{\"@type\":\"SearchAction\",\"target\":{\"@type\":\"EntryPoint\",\"urlTemplate\":\"https:\/\/gesundheitsberatung.com\/ernaehrung\/?s={search_term_string}\"},\"query-input\":{\"@type\":\"PropertyValueSpecification\",\"valueRequired\":true,\"valueName\":\"search_term_string\"}}],\"inLanguage\":\"de\"},{\"@type\":\"Person\",\"@id\":\"https:\/\/gesundheitsberatung.com\/ernaehrung\/#\/schema\/person\/ef95dd512e246837e5c8b258fef765bf\",\"name\":\"Laura Behm\",\"description\":\"Redakteurin bei Vistano Lebensberatung\",\"sameAs\":[\"http:\/\/www.vistano.com\/\"]}]}<\/script>\n<!-- \/ Yoast SEO plugin. -->","yoast_head_json":{"title":"\u201eDeutschland, wie es isst\u201c: Der Ern\u00e4hrungsreport 2016 &#187; Ern\u00e4hrung","description":"Wie sind die Menschen in Deutschland zum Thema Ern\u00e4hrung eingestellt? Welche Entwicklungen und Trends sind zu beobachten? Diesen und \u00e4hnlichen Fragen geht","robots":{"index":"index","follow":"follow","max-snippet":"max-snippet:-1","max-image-preview":"max-image-preview:large","max-video-preview":"max-video-preview:-1"},"canonical":"https:\/\/gesundheitsberatung.com\/ernaehrung\/news-storys\/deutschland-wie-es-isst-der-ernaehrungsreport-2016\/","og_locale":"de_DE","og_type":"article","og_title":"\u201eDeutschland, wie es isst\u201c: Der Ern\u00e4hrungsreport 2016 &#187; Ern\u00e4hrung","og_description":"Wie sind die Menschen in Deutschland zum Thema Ern\u00e4hrung eingestellt? Welche Entwicklungen und Trends sind zu beobachten? Diesen und \u00e4hnlichen Fragen geht","og_url":"https:\/\/gesundheitsberatung.com\/ernaehrung\/news-storys\/deutschland-wie-es-isst-der-ernaehrungsreport-2016\/","og_site_name":"Ern\u00e4hrung","article_publisher":"https:\/\/www.facebook.com\/ernaehrung\/","article_published_time":"2016-04-26T13:51:44+00:00","article_modified_time":"2023-06-03T18:32:33+00:00","og_image":[{"width":1024,"height":682,"url":"https:\/\/gesundheitsberatung.com\/ernaehrung\/wp-content\/uploads\/sites\/3\/Ern\u00e4hrungsreport_2016.jpg","type":"image\/jpeg"}],"author":"Laura Behm","twitter_card":"summary_large_image","twitter_creator":"@Vistano","twitter_site":"@Vistano","schema":{"@context":"https:\/\/schema.org","@graph":[{"@type":"WebPage","@id":"https:\/\/gesundheitsberatung.com\/ernaehrung\/news-storys\/deutschland-wie-es-isst-der-ernaehrungsreport-2016\/","url":"https:\/\/gesundheitsberatung.com\/ernaehrung\/news-storys\/deutschland-wie-es-isst-der-ernaehrungsreport-2016\/","name":"\u201eDeutschland, wie es isst\u201c: Der Ern\u00e4hrungsreport 2016 &#187; Ern\u00e4hrung","isPartOf":{"@id":"https:\/\/gesundheitsberatung.com\/ernaehrung\/#website"},"primaryImageOfPage":{"@id":"https:\/\/gesundheitsberatung.com\/ernaehrung\/news-storys\/deutschland-wie-es-isst-der-ernaehrungsreport-2016\/#primaryimage"},"image":{"@id":"https:\/\/gesundheitsberatung.com\/ernaehrung\/news-storys\/deutschland-wie-es-isst-der-ernaehrungsreport-2016\/#primaryimage"},"thumbnailUrl":"https:\/\/gesundheitsberatung.com\/ernaehrung\/wp-content\/uploads\/sites\/3\/Ern\u00e4hrungsreport_2016.jpg","datePublished":"2016-04-26T13:51:44+00:00","dateModified":"2023-06-03T18:32:33+00:00","author":{"@id":"https:\/\/gesundheitsberatung.com\/ernaehrung\/#\/schema\/person\/ef95dd512e246837e5c8b258fef765bf"},"description":"Wie sind die Menschen in Deutschland zum Thema Ern\u00e4hrung eingestellt? Welche Entwicklungen und Trends sind zu beobachten? Diesen und \u00e4hnlichen Fragen geht","breadcrumb":{"@id":"https:\/\/gesundheitsberatung.com\/ernaehrung\/news-storys\/deutschland-wie-es-isst-der-ernaehrungsreport-2016\/#breadcrumb"},"inLanguage":"de","potentialAction":[{"@type":"ReadAction","target":["https:\/\/gesundheitsberatung.com\/ernaehrung\/news-storys\/deutschland-wie-es-isst-der-ernaehrungsreport-2016\/"]}]},{"@type":"ImageObject","inLanguage":"de","@id":"https:\/\/gesundheitsberatung.com\/ernaehrung\/news-storys\/deutschland-wie-es-isst-der-ernaehrungsreport-2016\/#primaryimage","url":"https:\/\/gesundheitsberatung.com\/ernaehrung\/wp-content\/uploads\/sites\/3\/Ern\u00e4hrungsreport_2016.jpg","contentUrl":"https:\/\/gesundheitsberatung.com\/ernaehrung\/wp-content\/uploads\/sites\/3\/Ern\u00e4hrungsreport_2016.jpg","width":1024,"height":682,"caption":"\u201eDeutschland, wie es isst\u201c: Der Ern\u00e4hrungsreport 2016"},{"@type":"BreadcrumbList","@id":"https:\/\/gesundheitsberatung.com\/ernaehrung\/news-storys\/deutschland-wie-es-isst-der-ernaehrungsreport-2016\/#breadcrumb","itemListElement":[{"@type":"ListItem","position":1,"name":"Home","item":"https:\/\/gesundheitsberatung.com\/ernaehrung\/"},{"@type":"ListItem","position":2,"name":"News &amp; Storys","item":"https:\/\/gesundheitsberatung.com\/ernaehrung\/magazin\/news-storys\/"},{"@type":"ListItem","position":3,"name":"\u201eDeutschland, wie es isst\u201c: Der Ern\u00e4hrungsreport 2016"}]},{"@type":"WebSite","@id":"https:\/\/gesundheitsberatung.com\/ernaehrung\/#website","url":"https:\/\/gesundheitsberatung.com\/ernaehrung\/","name":"Ern\u00e4hrung","description":"Ern\u00e4hrung \u260e Beratung durch Ern\u00e4hrungsberater! Jetzt Gratis-Beratung sichern: \u2714 \u00c4rzte \u2714 Heilpraktiker \u2714 Weight Coaches \u2714 Ern\u00e4hrungswissenschaftler \u2714 Di\u00e4tassistenten \u2714 Sportern\u00e4hrung bei Vistano Ern\u00e4hrung.","potentialAction":[{"@type":"SearchAction","target":{"@type":"EntryPoint","urlTemplate":"https:\/\/gesundheitsberatung.com\/ernaehrung\/?s={search_term_string}"},"query-input":{"@type":"PropertyValueSpecification","valueRequired":true,"valueName":"search_term_string"}}],"inLanguage":"de"},{"@type":"Person","@id":"https:\/\/gesundheitsberatung.com\/ernaehrung\/#\/schema\/person\/ef95dd512e246837e5c8b258fef765bf","name":"Laura Behm","description":"Redakteurin bei Vistano Lebensberatung","sameAs":["http:\/\/www.vistano.com\/"]}]}},"_links":{"self":[{"href":"https:\/\/gesundheitsberatung.com\/ernaehrung\/wp-json\/wp\/v2\/posts\/12114","targetHints":{"allow":["GET"]}}],"collection":[{"href":"https:\/\/gesundheitsberatung.com\/ernaehrung\/wp-json\/wp\/v2\/posts"}],"about":[{"href":"https:\/\/gesundheitsberatung.com\/ernaehrung\/wp-json\/wp\/v2\/types\/post"}],"author":[{"embeddable":true,"href":"https:\/\/gesundheitsberatung.com\/ernaehrung\/wp-json\/wp\/v2\/users\/9"}],"replies":[{"embeddable":true,"href":"https:\/\/gesundheitsberatung.com\/ernaehrung\/wp-json\/wp\/v2\/comments?post=12114"}],"version-history":[{"count":0,"href":"https:\/\/gesundheitsberatung.com\/ernaehrung\/wp-json\/wp\/v2\/posts\/12114\/revisions"}],"wp:featuredmedia":[{"embeddable":true,"href":"https:\/\/gesundheitsberatung.com\/ernaehrung\/wp-json\/wp\/v2\/media\/12159"}],"wp:attachment":[{"href":"https:\/\/gesundheitsberatung.com\/ernaehrung\/wp-json\/wp\/v2\/media?parent=12114"}],"wp:term":[{"taxonomy":"category","embeddable":true,"href":"https:\/\/gesundheitsberatung.com\/ernaehrung\/wp-json\/wp\/v2\/categories?post=12114"},{"taxonomy":"post_tag","embeddable":true,"href":"https:\/\/gesundheitsberatung.com\/ernaehrung\/wp-json\/wp\/v2\/tags?post=12114"}],"curies":[{"name":"wp","href":"https:\/\/api.w.org\/{rel}","templated":true}]}}