{"id":10723,"date":"2015-11-12T14:58:31","date_gmt":"2015-11-12T13:58:31","guid":{"rendered":"http:\/\/gesundheitsberatung.com\/ernaehrung\/?p=10723"},"modified":"2023-06-03T20:36:45","modified_gmt":"2023-06-03T18:36:45","slug":"die-krise-um-die-milch","status":"publish","type":"post","link":"https:\/\/gesundheitsberatung.com\/ernaehrung\/news-storys\/die-krise-um-die-milch\/","title":{"rendered":"Die Krise um die Milch"},"content":{"rendered":"<p>Aufgrund von Milchseen und Butterbergen erlie\u00df die EU im Jahre 1984 die Milchquote, um gegen die \u00dcberproduktion vorzugehen. Wenn Milchbauern gegen diese vorgegebene Menge <b>Milch<\/b> verstie\u00dfen, drohten Strafzahlungen. Erreicht werden sollten stabile Preise und ein sicheres Einkommen f\u00fcr die Milchbauern \u2013 erfolgreich war die Quote nicht.<\/p>\n<p>Nur einer von f\u00fcnf Milchbauern hat die letzten drei\u00dfig Jahre \u00fcberstanden. Im Fr\u00fchjahr 2015 wurde die Milchquote wieder abgeschafft. Folglich stehen die europ\u00e4ischen Milcherzeuger nun in Konkurrenz mit internationalen Wettbewerbern. Gleichzeitig sinkt aber die Nachfrage nach Milch und Milchprodukten. Der Literpreis ist bereits so niedrig, dass die Bauern die Kosten nicht decken k\u00f6nnen.<\/p>\n<h3>Mehr Milchexporte<\/h3>\n<p>Bundesagrarminister Christian Schmidt ist bez\u00fcglich der neuen Regelung optimistisch. Er sieht jedoch die Milchbauern in der Verantwortung, nur so viel Milch zu produzieren, wie abgesetzt werden kann. Die EU-Kommission hofft zudem auf einen h\u00f6heren Milchpreis in naher Zukunft. Im letzten Jahr sorgte der schw\u00e4chere Export nach China, die Russland-Sanktionen sowie eine gestiegene Milchproduktion daf\u00fcr, dass der Preis enorm gedr\u00fcckt wurde. Schmidt verspricht, die Milchbauern bei den Exportaktivit\u00e4ten zu unterst\u00fctzen, jedoch nicht mit Exporterstattungen, die die lokalen M\u00e4rkte in Entwicklungsl\u00e4ndern gef\u00e4hrden k\u00f6nnten. Mehr Absatzm\u00f6glichkeiten sieht der Minister im Nahen Osten sowie weiterhin in China, da die Nachfrage in Europa zwar stabil, aber ges\u00e4ttigt ist.<\/p>\n<h3>Erh\u00f6hte Preise \u00e4ndern Kaufverhalten kaum<\/h3>\n<p>Die Naturschutzverb\u00e4nde sehen eine L\u00f6sung in mehr Wertsch\u00f6pfung und weniger Wachstum. Angesichts der steigenden Zahlungsbereitschaft der Verbraucher ist dies auch eine m\u00f6gliche Idee, w\u00fcrde aber die Exporterl\u00f6se nicht kompensieren. Dennoch wird die Vermarktung regionaler Produkte weiter vorangetrieben. Mit Hilfe von verl\u00e4sslichen Labels k\u00f6nnen solche Produkte h\u00f6here Preise erzielen. Ebenfalls im Preis stabil ist \u00f6kologisch erzeugte Milch. Dar\u00fcber hinaus appelliert Minister Schmidt an den Lebensmitteleinzelhandel, vom Preiswettbewerb auf Kosten der Milchindustrie Abstand zu nehmen. Daf\u00fcr sollten sich die Erzeuger zu Gemeinschaften zusammenschlie\u00dfen, die besser mit den Molkereien verhandeln k\u00f6nnen. Nachweislich kann sich der Preis bis zu zehn Cent erh\u00f6hen, ohne dass sich das Kaufverhalten der Verbraucher ver\u00e4ndert.<\/p>\n<p>&nbsp;<\/p>\n","protected":false},"excerpt":{"rendered":"<p>Aufgrund von Milchseen und Butterbergen erlie\u00df die EU im Jahre 1984 die Milchquote, um gegen die \u00dcberproduktion vorzugehen. Wenn Milchbauern gegen diese vorgegebene Menge Milch verstie\u00dfen, drohten Strafzahlungen. Erreicht werden sollten stabile Preise und ein sicheres Einkommen f\u00fcr die Milchbauern \u2013 erfolgreich war die Quote nicht. Nur einer von f\u00fcnf Milchbauern hat die letzten drei\u00dfig [&hellip;]<\/p>\n","protected":false},"author":10,"featured_media":10956,"comment_status":"closed","ping_status":"closed","sticky":false,"template":"","format":"standard","meta":{"footnotes":""},"categories":[1],"tags":[4904,226,3463,3464,3465,3466],"class_list":["post-10723","post","type-post","status-publish","format-standard","has-post-thumbnail","hentry","category-news-storys","tag-essen-lebenslage","tag-milch","tag-milch-krise","tag-milchbauern-kosten","tag-milchquote-abgeschafft","tag-wirtschaft"],"yoast_head":"<!-- This site is optimized with the Yoast SEO plugin v26.0 - https:\/\/yoast.com\/wordpress\/plugins\/seo\/ -->\n<title>Die Krise um die Milch &#187; Ern\u00e4hrung<\/title>\n<meta name=\"description\" content=\"Aufgrund von Milchseen und Butterbergen erlie\u00df die EU im Jahre 1984 die Milchquote, um gegen die \u00dcberproduktion vorzugehen. Wenn Milchbauern gegen diese\" \/>\n<meta name=\"robots\" content=\"index, follow, max-snippet:-1, max-image-preview:large, max-video-preview:-1\" \/>\n<link rel=\"canonical\" href=\"https:\/\/gesundheitsberatung.com\/ernaehrung\/news-storys\/die-krise-um-die-milch\/\" \/>\n<meta property=\"og:locale\" content=\"de_DE\" \/>\n<meta property=\"og:type\" content=\"article\" \/>\n<meta property=\"og:title\" content=\"Die Krise um die Milch &#187; Ern\u00e4hrung\" \/>\n<meta property=\"og:description\" content=\"Aufgrund von Milchseen und Butterbergen erlie\u00df die EU im Jahre 1984 die Milchquote, um gegen die \u00dcberproduktion vorzugehen. Wenn Milchbauern gegen diese\" \/>\n<meta property=\"og:url\" content=\"https:\/\/gesundheitsberatung.com\/ernaehrung\/news-storys\/die-krise-um-die-milch\/\" \/>\n<meta property=\"og:site_name\" content=\"Ern\u00e4hrung\" \/>\n<meta property=\"article:publisher\" content=\"https:\/\/www.facebook.com\/ernaehrung\/\" \/>\n<meta property=\"article:published_time\" content=\"2015-11-12T13:58:31+00:00\" \/>\n<meta property=\"article:modified_time\" content=\"2023-06-03T18:36:45+00:00\" \/>\n<meta property=\"og:image\" content=\"https:\/\/gesundheitsberatung.com\/ernaehrung\/wp-content\/uploads\/sites\/3\/Krise_Milch.jpg\" \/>\n\t<meta property=\"og:image:width\" content=\"1024\" \/>\n\t<meta property=\"og:image:height\" content=\"683\" \/>\n\t<meta property=\"og:image:type\" content=\"image\/jpeg\" \/>\n<meta name=\"author\" content=\"Sarah Wolf\" \/>\n<meta name=\"twitter:card\" content=\"summary_large_image\" \/>\n<meta name=\"twitter:creator\" content=\"@Vistano\" \/>\n<meta name=\"twitter:site\" content=\"@Vistano\" \/>\n<script type=\"application\/ld+json\" class=\"yoast-schema-graph\">{\"@context\":\"https:\/\/schema.org\",\"@graph\":[{\"@type\":\"WebPage\",\"@id\":\"https:\/\/gesundheitsberatung.com\/ernaehrung\/news-storys\/die-krise-um-die-milch\/\",\"url\":\"https:\/\/gesundheitsberatung.com\/ernaehrung\/news-storys\/die-krise-um-die-milch\/\",\"name\":\"Die Krise um die Milch &#187; Ern\u00e4hrung\",\"isPartOf\":{\"@id\":\"https:\/\/gesundheitsberatung.com\/ernaehrung\/#website\"},\"primaryImageOfPage\":{\"@id\":\"https:\/\/gesundheitsberatung.com\/ernaehrung\/news-storys\/die-krise-um-die-milch\/#primaryimage\"},\"image\":{\"@id\":\"https:\/\/gesundheitsberatung.com\/ernaehrung\/news-storys\/die-krise-um-die-milch\/#primaryimage\"},\"thumbnailUrl\":\"https:\/\/gesundheitsberatung.com\/ernaehrung\/wp-content\/uploads\/sites\/3\/Krise_Milch.jpg\",\"datePublished\":\"2015-11-12T13:58:31+00:00\",\"dateModified\":\"2023-06-03T18:36:45+00:00\",\"author\":{\"@id\":\"https:\/\/gesundheitsberatung.com\/ernaehrung\/#\/schema\/person\/90a7a5a38cdc4704e45fc44a36127acb\"},\"description\":\"Aufgrund von Milchseen und Butterbergen erlie\u00df die EU im Jahre 1984 die Milchquote, um gegen die \u00dcberproduktion vorzugehen. Wenn Milchbauern gegen diese\",\"breadcrumb\":{\"@id\":\"https:\/\/gesundheitsberatung.com\/ernaehrung\/news-storys\/die-krise-um-die-milch\/#breadcrumb\"},\"inLanguage\":\"de\",\"potentialAction\":[{\"@type\":\"ReadAction\",\"target\":[\"https:\/\/gesundheitsberatung.com\/ernaehrung\/news-storys\/die-krise-um-die-milch\/\"]}]},{\"@type\":\"ImageObject\",\"inLanguage\":\"de\",\"@id\":\"https:\/\/gesundheitsberatung.com\/ernaehrung\/news-storys\/die-krise-um-die-milch\/#primaryimage\",\"url\":\"https:\/\/gesundheitsberatung.com\/ernaehrung\/wp-content\/uploads\/sites\/3\/Krise_Milch.jpg\",\"contentUrl\":\"https:\/\/gesundheitsberatung.com\/ernaehrung\/wp-content\/uploads\/sites\/3\/Krise_Milch.jpg\",\"width\":1024,\"height\":683,\"caption\":\"Die Krise um die Milch\"},{\"@type\":\"BreadcrumbList\",\"@id\":\"https:\/\/gesundheitsberatung.com\/ernaehrung\/news-storys\/die-krise-um-die-milch\/#breadcrumb\",\"itemListElement\":[{\"@type\":\"ListItem\",\"position\":1,\"name\":\"Home\",\"item\":\"https:\/\/gesundheitsberatung.com\/ernaehrung\/\"},{\"@type\":\"ListItem\",\"position\":2,\"name\":\"News &amp; Storys\",\"item\":\"https:\/\/gesundheitsberatung.com\/ernaehrung\/magazin\/news-storys\/\"},{\"@type\":\"ListItem\",\"position\":3,\"name\":\"Die Krise um die Milch\"}]},{\"@type\":\"WebSite\",\"@id\":\"https:\/\/gesundheitsberatung.com\/ernaehrung\/#website\",\"url\":\"https:\/\/gesundheitsberatung.com\/ernaehrung\/\",\"name\":\"Ern\u00e4hrung\",\"description\":\"Ern\u00e4hrung \u260e Beratung durch Ern\u00e4hrungsberater! Jetzt Gratis-Beratung sichern: \u2714 \u00c4rzte \u2714 Heilpraktiker \u2714 Weight Coaches \u2714 Ern\u00e4hrungswissenschaftler \u2714 Di\u00e4tassistenten \u2714 Sportern\u00e4hrung bei Vistano Ern\u00e4hrung.\",\"potentialAction\":[{\"@type\":\"SearchAction\",\"target\":{\"@type\":\"EntryPoint\",\"urlTemplate\":\"https:\/\/gesundheitsberatung.com\/ernaehrung\/?s={search_term_string}\"},\"query-input\":{\"@type\":\"PropertyValueSpecification\",\"valueRequired\":true,\"valueName\":\"search_term_string\"}}],\"inLanguage\":\"de\"},{\"@type\":\"Person\",\"@id\":\"https:\/\/gesundheitsberatung.com\/ernaehrung\/#\/schema\/person\/90a7a5a38cdc4704e45fc44a36127acb\",\"name\":\"Sarah Wolf\",\"description\":\"Redakteurin bei Vistano Lebensberatung\",\"sameAs\":[\"http:\/\/www.vistano.com\/\"]}]}<\/script>\n<!-- \/ Yoast SEO plugin. -->","yoast_head_json":{"title":"Die Krise um die Milch &#187; Ern\u00e4hrung","description":"Aufgrund von Milchseen und Butterbergen erlie\u00df die EU im Jahre 1984 die Milchquote, um gegen die \u00dcberproduktion vorzugehen. Wenn Milchbauern gegen diese","robots":{"index":"index","follow":"follow","max-snippet":"max-snippet:-1","max-image-preview":"max-image-preview:large","max-video-preview":"max-video-preview:-1"},"canonical":"https:\/\/gesundheitsberatung.com\/ernaehrung\/news-storys\/die-krise-um-die-milch\/","og_locale":"de_DE","og_type":"article","og_title":"Die Krise um die Milch &#187; Ern\u00e4hrung","og_description":"Aufgrund von Milchseen und Butterbergen erlie\u00df die EU im Jahre 1984 die Milchquote, um gegen die \u00dcberproduktion vorzugehen. Wenn Milchbauern gegen diese","og_url":"https:\/\/gesundheitsberatung.com\/ernaehrung\/news-storys\/die-krise-um-die-milch\/","og_site_name":"Ern\u00e4hrung","article_publisher":"https:\/\/www.facebook.com\/ernaehrung\/","article_published_time":"2015-11-12T13:58:31+00:00","article_modified_time":"2023-06-03T18:36:45+00:00","og_image":[{"width":1024,"height":683,"url":"https:\/\/gesundheitsberatung.com\/ernaehrung\/wp-content\/uploads\/sites\/3\/Krise_Milch.jpg","type":"image\/jpeg"}],"author":"Sarah Wolf","twitter_card":"summary_large_image","twitter_creator":"@Vistano","twitter_site":"@Vistano","schema":{"@context":"https:\/\/schema.org","@graph":[{"@type":"WebPage","@id":"https:\/\/gesundheitsberatung.com\/ernaehrung\/news-storys\/die-krise-um-die-milch\/","url":"https:\/\/gesundheitsberatung.com\/ernaehrung\/news-storys\/die-krise-um-die-milch\/","name":"Die Krise um die Milch &#187; Ern\u00e4hrung","isPartOf":{"@id":"https:\/\/gesundheitsberatung.com\/ernaehrung\/#website"},"primaryImageOfPage":{"@id":"https:\/\/gesundheitsberatung.com\/ernaehrung\/news-storys\/die-krise-um-die-milch\/#primaryimage"},"image":{"@id":"https:\/\/gesundheitsberatung.com\/ernaehrung\/news-storys\/die-krise-um-die-milch\/#primaryimage"},"thumbnailUrl":"https:\/\/gesundheitsberatung.com\/ernaehrung\/wp-content\/uploads\/sites\/3\/Krise_Milch.jpg","datePublished":"2015-11-12T13:58:31+00:00","dateModified":"2023-06-03T18:36:45+00:00","author":{"@id":"https:\/\/gesundheitsberatung.com\/ernaehrung\/#\/schema\/person\/90a7a5a38cdc4704e45fc44a36127acb"},"description":"Aufgrund von Milchseen und Butterbergen erlie\u00df die EU im Jahre 1984 die Milchquote, um gegen die \u00dcberproduktion vorzugehen. Wenn Milchbauern gegen diese","breadcrumb":{"@id":"https:\/\/gesundheitsberatung.com\/ernaehrung\/news-storys\/die-krise-um-die-milch\/#breadcrumb"},"inLanguage":"de","potentialAction":[{"@type":"ReadAction","target":["https:\/\/gesundheitsberatung.com\/ernaehrung\/news-storys\/die-krise-um-die-milch\/"]}]},{"@type":"ImageObject","inLanguage":"de","@id":"https:\/\/gesundheitsberatung.com\/ernaehrung\/news-storys\/die-krise-um-die-milch\/#primaryimage","url":"https:\/\/gesundheitsberatung.com\/ernaehrung\/wp-content\/uploads\/sites\/3\/Krise_Milch.jpg","contentUrl":"https:\/\/gesundheitsberatung.com\/ernaehrung\/wp-content\/uploads\/sites\/3\/Krise_Milch.jpg","width":1024,"height":683,"caption":"Die Krise um die Milch"},{"@type":"BreadcrumbList","@id":"https:\/\/gesundheitsberatung.com\/ernaehrung\/news-storys\/die-krise-um-die-milch\/#breadcrumb","itemListElement":[{"@type":"ListItem","position":1,"name":"Home","item":"https:\/\/gesundheitsberatung.com\/ernaehrung\/"},{"@type":"ListItem","position":2,"name":"News &amp; Storys","item":"https:\/\/gesundheitsberatung.com\/ernaehrung\/magazin\/news-storys\/"},{"@type":"ListItem","position":3,"name":"Die Krise um die Milch"}]},{"@type":"WebSite","@id":"https:\/\/gesundheitsberatung.com\/ernaehrung\/#website","url":"https:\/\/gesundheitsberatung.com\/ernaehrung\/","name":"Ern\u00e4hrung","description":"Ern\u00e4hrung \u260e Beratung durch Ern\u00e4hrungsberater! Jetzt Gratis-Beratung sichern: \u2714 \u00c4rzte \u2714 Heilpraktiker \u2714 Weight Coaches \u2714 Ern\u00e4hrungswissenschaftler \u2714 Di\u00e4tassistenten \u2714 Sportern\u00e4hrung bei Vistano Ern\u00e4hrung.","potentialAction":[{"@type":"SearchAction","target":{"@type":"EntryPoint","urlTemplate":"https:\/\/gesundheitsberatung.com\/ernaehrung\/?s={search_term_string}"},"query-input":{"@type":"PropertyValueSpecification","valueRequired":true,"valueName":"search_term_string"}}],"inLanguage":"de"},{"@type":"Person","@id":"https:\/\/gesundheitsberatung.com\/ernaehrung\/#\/schema\/person\/90a7a5a38cdc4704e45fc44a36127acb","name":"Sarah Wolf","description":"Redakteurin bei Vistano Lebensberatung","sameAs":["http:\/\/www.vistano.com\/"]}]}},"_links":{"self":[{"href":"https:\/\/gesundheitsberatung.com\/ernaehrung\/wp-json\/wp\/v2\/posts\/10723","targetHints":{"allow":["GET"]}}],"collection":[{"href":"https:\/\/gesundheitsberatung.com\/ernaehrung\/wp-json\/wp\/v2\/posts"}],"about":[{"href":"https:\/\/gesundheitsberatung.com\/ernaehrung\/wp-json\/wp\/v2\/types\/post"}],"author":[{"embeddable":true,"href":"https:\/\/gesundheitsberatung.com\/ernaehrung\/wp-json\/wp\/v2\/users\/10"}],"replies":[{"embeddable":true,"href":"https:\/\/gesundheitsberatung.com\/ernaehrung\/wp-json\/wp\/v2\/comments?post=10723"}],"version-history":[{"count":0,"href":"https:\/\/gesundheitsberatung.com\/ernaehrung\/wp-json\/wp\/v2\/posts\/10723\/revisions"}],"wp:featuredmedia":[{"embeddable":true,"href":"https:\/\/gesundheitsberatung.com\/ernaehrung\/wp-json\/wp\/v2\/media\/10956"}],"wp:attachment":[{"href":"https:\/\/gesundheitsberatung.com\/ernaehrung\/wp-json\/wp\/v2\/media?parent=10723"}],"wp:term":[{"taxonomy":"category","embeddable":true,"href":"https:\/\/gesundheitsberatung.com\/ernaehrung\/wp-json\/wp\/v2\/categories?post=10723"},{"taxonomy":"post_tag","embeddable":true,"href":"https:\/\/gesundheitsberatung.com\/ernaehrung\/wp-json\/wp\/v2\/tags?post=10723"}],"curies":[{"name":"wp","href":"https:\/\/api.w.org\/{rel}","templated":true}]}}