{"id":10354,"date":"2015-11-17T15:02:37","date_gmt":"2015-11-17T14:02:37","guid":{"rendered":"http:\/\/gesundheitsberatung.com\/ernaehrung\/?p=10354"},"modified":"2023-06-03T20:34:16","modified_gmt":"2023-06-03T18:34:16","slug":"gesundes-fruehstueck-gestalten","status":"publish","type":"post","link":"https:\/\/gesundheitsberatung.com\/ernaehrung\/wissenswertes\/gesundes-fruehstueck-gestalten\/","title":{"rendered":"Gesundes Fr\u00fchst\u00fcck gestalten"},"content":{"rendered":"<p>Ein Jeder von uns strebt danach sich m\u00f6glichst gesund zu ern\u00e4hren. Dieses Vorhaben setzt bereits bei der ersten Mahlzeit des Tages an, dem <b>Fr\u00fchst\u00fcck.<\/b> Dass diese Mahlzeit sehr wichtig ist, um einen guten, produktiven Tag zu begehen, ist hinl\u00e4nglich bekannt. Wie kann man diese Mahlzeit allerdings gesund und lecker gestalten? Wir haben im Folgenden mal einige Backwaren genauer unter die Lupe genommen, um die ges\u00fcndesten Varianten zusammen zu stellen.<\/p>\n<p>Wir greifen besonders am Wochenende gerne zu Br\u00f6tchen oder auch Brot. Beide Backwaren enthalten relativ viele Kalorien, die zwar je nach Sorte variieren, aber einen Gro\u00dfteil unserer t\u00e4glichen Kalorienaufnahme umfassen. Ern\u00e4hrungswissenschaftler empfehlen daher Vollkornvarianten zu w\u00e4hlen.<\/p>\n<p>Diese enthalten die wichtigen langkettigen Kohlenhydrate und zahlreiche N\u00e4hrstoffe. Langkettige Kohlenhydrate sind keinesfalls Dickmacher, sie verhindern manchmal sogar \u00dcbergewicht, weil sie lange s\u00e4ttigen. Au\u00dferdem enthalten sie meist eine hohe Konzentration an Vitamin B. Wichtig ist dabei nat\u00fcrlich auch der Belag. Dabei kann man auf fettarmen Magerquark zur\u00fcckgreifen und auch fettarme Varianten von Wurst und K\u00e4se nutzen.<\/p>\n<h3>Die Kombination macht\u2019s!<\/h3>\n<p>Generell gilt, dass Br\u00f6tchen meist l\u00e4nger satt machen und man nach ein oder zwei Portionen das Gef\u00fchl hat satt zu sein und aufh\u00f6ren zu k\u00f6nnen. Das sieht bei einer Scheibe Brot schon eher anders aus. Tipps von Ern\u00e4hrungswissenschaftlern zielen darauf das Fr\u00fchst\u00fcck abwechslungsreich zu gestalten und zu Backwaren auch Magerquark mit Fr\u00fcchten und anderen Obstvarianten zu kombinieren. Dabei bekommt der K\u00f6rper Energie und Auftrieb und ist l\u00e4nger satt. Ein paar Scheiben Melone zum Fr\u00fchst\u00fcck, k\u00f6nnen beispielsweise das S\u00e4ttigungsgef\u00fchl unterst\u00fctzen und ein Br\u00f6tchen einsparen lassen. Kohlenhydrate sind generell nicht sch\u00e4dlich, wie es in manchen Ern\u00e4hrungsmagazinen propagiert wird. Man sollte allerdings auf gesunde langkettige Kohlenhydrate zur\u00fcckgreifen und die Gesundheit auf diese Weise f\u00f6rdern.<\/p>\n<p>&nbsp;<\/p>\n","protected":false},"excerpt":{"rendered":"<p>Ein Jeder von uns strebt danach sich m\u00f6glichst gesund zu ern\u00e4hren. Dieses Vorhaben setzt bereits bei der ersten Mahlzeit des Tages an, dem Fr\u00fchst\u00fcck. Dass diese Mahlzeit sehr wichtig ist, um einen guten, produktiven Tag zu begehen, ist hinl\u00e4nglich bekannt. Wie kann man diese Mahlzeit allerdings gesund und lecker gestalten? Wir haben im Folgenden mal [&hellip;]<\/p>\n","protected":false},"author":9,"featured_media":10365,"comment_status":"closed","ping_status":"closed","sticky":false,"template":"","format":"standard","meta":{"footnotes":""},"categories":[4894,4900,4888],"tags":[1500,4906,4904,118,4283,3117,3118,3119,4905],"class_list":["post-10354","post","type-post","status-publish","format-standard","has-post-thumbnail","hentry","category-gesund-gewicht-verlieren","category-naehrstoffe-mineralien","category-wissenswertes","tag-backwaren","tag-diaet-abnehmen","tag-essen-lebenslage","tag-fruehstueck","tag-gesuender-ernaehren","tag-gesundes-fruehstueck-gestalten","tag-kalorien-broetchen-brot","tag-kalorien-fruehstueck-quark-brot-broetchen","tag-nahrung-inhaltsstoffe"],"yoast_head":"<!-- This site is optimized with the Yoast SEO plugin v26.0 - https:\/\/yoast.com\/wordpress\/plugins\/seo\/ -->\n<title>Gesundes Fr\u00fchst\u00fcck gestalten &#187; Ern\u00e4hrung<\/title>\n<meta name=\"description\" content=\"Ein Jeder von uns strebt danach sich m\u00f6glichst gesund zu ern\u00e4hren. Dieses Vorhaben setzt bereits bei der ersten Mahlzeit des Tages an, dem Fr\u00fchst\u00fcck. Dass\" \/>\n<meta name=\"robots\" content=\"index, follow, max-snippet:-1, max-image-preview:large, max-video-preview:-1\" \/>\n<link rel=\"canonical\" href=\"https:\/\/gesundheitsberatung.com\/ernaehrung\/wissenswertes\/gesundes-fruehstueck-gestalten\/\" \/>\n<meta property=\"og:locale\" content=\"de_DE\" \/>\n<meta property=\"og:type\" content=\"article\" \/>\n<meta property=\"og:title\" content=\"Gesundes Fr\u00fchst\u00fcck gestalten &#187; Ern\u00e4hrung\" \/>\n<meta property=\"og:description\" content=\"Ein Jeder von uns strebt danach sich m\u00f6glichst gesund zu ern\u00e4hren. Dieses Vorhaben setzt bereits bei der ersten Mahlzeit des Tages an, dem Fr\u00fchst\u00fcck. Dass\" \/>\n<meta property=\"og:url\" content=\"https:\/\/gesundheitsberatung.com\/ernaehrung\/wissenswertes\/gesundes-fruehstueck-gestalten\/\" \/>\n<meta property=\"og:site_name\" content=\"Ern\u00e4hrung\" \/>\n<meta property=\"article:publisher\" content=\"https:\/\/www.facebook.com\/ernaehrung\/\" \/>\n<meta property=\"article:published_time\" content=\"2015-11-17T14:02:37+00:00\" \/>\n<meta property=\"article:modified_time\" content=\"2023-06-03T18:34:16+00:00\" \/>\n<meta property=\"og:image\" content=\"https:\/\/gesundheitsberatung.com\/ernaehrung\/wp-content\/uploads\/sites\/3\/Gesundes_Fruehstueck_gestalten.jpg\" \/>\n\t<meta property=\"og:image:width\" content=\"1024\" \/>\n\t<meta property=\"og:image:height\" content=\"684\" \/>\n\t<meta property=\"og:image:type\" content=\"image\/jpeg\" \/>\n<meta name=\"author\" content=\"Laura Behm\" \/>\n<meta name=\"twitter:card\" content=\"summary_large_image\" \/>\n<meta name=\"twitter:creator\" content=\"@Vistano\" \/>\n<meta name=\"twitter:site\" content=\"@Vistano\" \/>\n<script type=\"application\/ld+json\" class=\"yoast-schema-graph\">{\"@context\":\"https:\/\/schema.org\",\"@graph\":[{\"@type\":\"WebPage\",\"@id\":\"https:\/\/gesundheitsberatung.com\/ernaehrung\/wissenswertes\/gesundes-fruehstueck-gestalten\/\",\"url\":\"https:\/\/gesundheitsberatung.com\/ernaehrung\/wissenswertes\/gesundes-fruehstueck-gestalten\/\",\"name\":\"Gesundes Fr\u00fchst\u00fcck gestalten &#187; Ern\u00e4hrung\",\"isPartOf\":{\"@id\":\"https:\/\/gesundheitsberatung.com\/ernaehrung\/#website\"},\"primaryImageOfPage\":{\"@id\":\"https:\/\/gesundheitsberatung.com\/ernaehrung\/wissenswertes\/gesundes-fruehstueck-gestalten\/#primaryimage\"},\"image\":{\"@id\":\"https:\/\/gesundheitsberatung.com\/ernaehrung\/wissenswertes\/gesundes-fruehstueck-gestalten\/#primaryimage\"},\"thumbnailUrl\":\"https:\/\/gesundheitsberatung.com\/ernaehrung\/wp-content\/uploads\/sites\/3\/Gesundes_Fruehstueck_gestalten.jpg\",\"datePublished\":\"2015-11-17T14:02:37+00:00\",\"dateModified\":\"2023-06-03T18:34:16+00:00\",\"author\":{\"@id\":\"https:\/\/gesundheitsberatung.com\/ernaehrung\/#\/schema\/person\/ef95dd512e246837e5c8b258fef765bf\"},\"description\":\"Ein Jeder von uns strebt danach sich m\u00f6glichst gesund zu ern\u00e4hren. Dieses Vorhaben setzt bereits bei der ersten Mahlzeit des Tages an, dem Fr\u00fchst\u00fcck. Dass\",\"breadcrumb\":{\"@id\":\"https:\/\/gesundheitsberatung.com\/ernaehrung\/wissenswertes\/gesundes-fruehstueck-gestalten\/#breadcrumb\"},\"inLanguage\":\"de\",\"potentialAction\":[{\"@type\":\"ReadAction\",\"target\":[\"https:\/\/gesundheitsberatung.com\/ernaehrung\/wissenswertes\/gesundes-fruehstueck-gestalten\/\"]}]},{\"@type\":\"ImageObject\",\"inLanguage\":\"de\",\"@id\":\"https:\/\/gesundheitsberatung.com\/ernaehrung\/wissenswertes\/gesundes-fruehstueck-gestalten\/#primaryimage\",\"url\":\"https:\/\/gesundheitsberatung.com\/ernaehrung\/wp-content\/uploads\/sites\/3\/Gesundes_Fruehstueck_gestalten.jpg\",\"contentUrl\":\"https:\/\/gesundheitsberatung.com\/ernaehrung\/wp-content\/uploads\/sites\/3\/Gesundes_Fruehstueck_gestalten.jpg\",\"width\":1024,\"height\":684,\"caption\":\"Gesundes Fr\u00fchst\u00fcck gestalten\"},{\"@type\":\"BreadcrumbList\",\"@id\":\"https:\/\/gesundheitsberatung.com\/ernaehrung\/wissenswertes\/gesundes-fruehstueck-gestalten\/#breadcrumb\",\"itemListElement\":[{\"@type\":\"ListItem\",\"position\":1,\"name\":\"Home\",\"item\":\"https:\/\/gesundheitsberatung.com\/ernaehrung\/\"},{\"@type\":\"ListItem\",\"position\":2,\"name\":\"Wissenswertes\",\"item\":\"https:\/\/gesundheitsberatung.com\/ernaehrung\/magazin\/wissenswertes\/\"},{\"@type\":\"ListItem\",\"position\":3,\"name\":\"Gesundes Fr\u00fchst\u00fcck gestalten\"}]},{\"@type\":\"WebSite\",\"@id\":\"https:\/\/gesundheitsberatung.com\/ernaehrung\/#website\",\"url\":\"https:\/\/gesundheitsberatung.com\/ernaehrung\/\",\"name\":\"Ern\u00e4hrung\",\"description\":\"Ern\u00e4hrung \u260e Beratung durch Ern\u00e4hrungsberater! Jetzt Gratis-Beratung sichern: \u2714 \u00c4rzte \u2714 Heilpraktiker \u2714 Weight Coaches \u2714 Ern\u00e4hrungswissenschaftler \u2714 Di\u00e4tassistenten \u2714 Sportern\u00e4hrung bei Vistano Ern\u00e4hrung.\",\"potentialAction\":[{\"@type\":\"SearchAction\",\"target\":{\"@type\":\"EntryPoint\",\"urlTemplate\":\"https:\/\/gesundheitsberatung.com\/ernaehrung\/?s={search_term_string}\"},\"query-input\":{\"@type\":\"PropertyValueSpecification\",\"valueRequired\":true,\"valueName\":\"search_term_string\"}}],\"inLanguage\":\"de\"},{\"@type\":\"Person\",\"@id\":\"https:\/\/gesundheitsberatung.com\/ernaehrung\/#\/schema\/person\/ef95dd512e246837e5c8b258fef765bf\",\"name\":\"Laura Behm\",\"description\":\"Redakteurin bei Vistano Lebensberatung\",\"sameAs\":[\"http:\/\/www.vistano.com\/\"]}]}<\/script>\n<!-- \/ Yoast SEO plugin. -->","yoast_head_json":{"title":"Gesundes Fr\u00fchst\u00fcck gestalten &#187; Ern\u00e4hrung","description":"Ein Jeder von uns strebt danach sich m\u00f6glichst gesund zu ern\u00e4hren. Dieses Vorhaben setzt bereits bei der ersten Mahlzeit des Tages an, dem Fr\u00fchst\u00fcck. Dass","robots":{"index":"index","follow":"follow","max-snippet":"max-snippet:-1","max-image-preview":"max-image-preview:large","max-video-preview":"max-video-preview:-1"},"canonical":"https:\/\/gesundheitsberatung.com\/ernaehrung\/wissenswertes\/gesundes-fruehstueck-gestalten\/","og_locale":"de_DE","og_type":"article","og_title":"Gesundes Fr\u00fchst\u00fcck gestalten &#187; Ern\u00e4hrung","og_description":"Ein Jeder von uns strebt danach sich m\u00f6glichst gesund zu ern\u00e4hren. Dieses Vorhaben setzt bereits bei der ersten Mahlzeit des Tages an, dem Fr\u00fchst\u00fcck. Dass","og_url":"https:\/\/gesundheitsberatung.com\/ernaehrung\/wissenswertes\/gesundes-fruehstueck-gestalten\/","og_site_name":"Ern\u00e4hrung","article_publisher":"https:\/\/www.facebook.com\/ernaehrung\/","article_published_time":"2015-11-17T14:02:37+00:00","article_modified_time":"2023-06-03T18:34:16+00:00","og_image":[{"width":1024,"height":684,"url":"https:\/\/gesundheitsberatung.com\/ernaehrung\/wp-content\/uploads\/sites\/3\/Gesundes_Fruehstueck_gestalten.jpg","type":"image\/jpeg"}],"author":"Laura Behm","twitter_card":"summary_large_image","twitter_creator":"@Vistano","twitter_site":"@Vistano","schema":{"@context":"https:\/\/schema.org","@graph":[{"@type":"WebPage","@id":"https:\/\/gesundheitsberatung.com\/ernaehrung\/wissenswertes\/gesundes-fruehstueck-gestalten\/","url":"https:\/\/gesundheitsberatung.com\/ernaehrung\/wissenswertes\/gesundes-fruehstueck-gestalten\/","name":"Gesundes Fr\u00fchst\u00fcck gestalten &#187; Ern\u00e4hrung","isPartOf":{"@id":"https:\/\/gesundheitsberatung.com\/ernaehrung\/#website"},"primaryImageOfPage":{"@id":"https:\/\/gesundheitsberatung.com\/ernaehrung\/wissenswertes\/gesundes-fruehstueck-gestalten\/#primaryimage"},"image":{"@id":"https:\/\/gesundheitsberatung.com\/ernaehrung\/wissenswertes\/gesundes-fruehstueck-gestalten\/#primaryimage"},"thumbnailUrl":"https:\/\/gesundheitsberatung.com\/ernaehrung\/wp-content\/uploads\/sites\/3\/Gesundes_Fruehstueck_gestalten.jpg","datePublished":"2015-11-17T14:02:37+00:00","dateModified":"2023-06-03T18:34:16+00:00","author":{"@id":"https:\/\/gesundheitsberatung.com\/ernaehrung\/#\/schema\/person\/ef95dd512e246837e5c8b258fef765bf"},"description":"Ein Jeder von uns strebt danach sich m\u00f6glichst gesund zu ern\u00e4hren. Dieses Vorhaben setzt bereits bei der ersten Mahlzeit des Tages an, dem Fr\u00fchst\u00fcck. Dass","breadcrumb":{"@id":"https:\/\/gesundheitsberatung.com\/ernaehrung\/wissenswertes\/gesundes-fruehstueck-gestalten\/#breadcrumb"},"inLanguage":"de","potentialAction":[{"@type":"ReadAction","target":["https:\/\/gesundheitsberatung.com\/ernaehrung\/wissenswertes\/gesundes-fruehstueck-gestalten\/"]}]},{"@type":"ImageObject","inLanguage":"de","@id":"https:\/\/gesundheitsberatung.com\/ernaehrung\/wissenswertes\/gesundes-fruehstueck-gestalten\/#primaryimage","url":"https:\/\/gesundheitsberatung.com\/ernaehrung\/wp-content\/uploads\/sites\/3\/Gesundes_Fruehstueck_gestalten.jpg","contentUrl":"https:\/\/gesundheitsberatung.com\/ernaehrung\/wp-content\/uploads\/sites\/3\/Gesundes_Fruehstueck_gestalten.jpg","width":1024,"height":684,"caption":"Gesundes Fr\u00fchst\u00fcck gestalten"},{"@type":"BreadcrumbList","@id":"https:\/\/gesundheitsberatung.com\/ernaehrung\/wissenswertes\/gesundes-fruehstueck-gestalten\/#breadcrumb","itemListElement":[{"@type":"ListItem","position":1,"name":"Home","item":"https:\/\/gesundheitsberatung.com\/ernaehrung\/"},{"@type":"ListItem","position":2,"name":"Wissenswertes","item":"https:\/\/gesundheitsberatung.com\/ernaehrung\/magazin\/wissenswertes\/"},{"@type":"ListItem","position":3,"name":"Gesundes Fr\u00fchst\u00fcck gestalten"}]},{"@type":"WebSite","@id":"https:\/\/gesundheitsberatung.com\/ernaehrung\/#website","url":"https:\/\/gesundheitsberatung.com\/ernaehrung\/","name":"Ern\u00e4hrung","description":"Ern\u00e4hrung \u260e Beratung durch Ern\u00e4hrungsberater! Jetzt Gratis-Beratung sichern: \u2714 \u00c4rzte \u2714 Heilpraktiker \u2714 Weight Coaches \u2714 Ern\u00e4hrungswissenschaftler \u2714 Di\u00e4tassistenten \u2714 Sportern\u00e4hrung bei Vistano Ern\u00e4hrung.","potentialAction":[{"@type":"SearchAction","target":{"@type":"EntryPoint","urlTemplate":"https:\/\/gesundheitsberatung.com\/ernaehrung\/?s={search_term_string}"},"query-input":{"@type":"PropertyValueSpecification","valueRequired":true,"valueName":"search_term_string"}}],"inLanguage":"de"},{"@type":"Person","@id":"https:\/\/gesundheitsberatung.com\/ernaehrung\/#\/schema\/person\/ef95dd512e246837e5c8b258fef765bf","name":"Laura Behm","description":"Redakteurin bei Vistano Lebensberatung","sameAs":["http:\/\/www.vistano.com\/"]}]}},"_links":{"self":[{"href":"https:\/\/gesundheitsberatung.com\/ernaehrung\/wp-json\/wp\/v2\/posts\/10354","targetHints":{"allow":["GET"]}}],"collection":[{"href":"https:\/\/gesundheitsberatung.com\/ernaehrung\/wp-json\/wp\/v2\/posts"}],"about":[{"href":"https:\/\/gesundheitsberatung.com\/ernaehrung\/wp-json\/wp\/v2\/types\/post"}],"author":[{"embeddable":true,"href":"https:\/\/gesundheitsberatung.com\/ernaehrung\/wp-json\/wp\/v2\/users\/9"}],"replies":[{"embeddable":true,"href":"https:\/\/gesundheitsberatung.com\/ernaehrung\/wp-json\/wp\/v2\/comments?post=10354"}],"version-history":[{"count":0,"href":"https:\/\/gesundheitsberatung.com\/ernaehrung\/wp-json\/wp\/v2\/posts\/10354\/revisions"}],"wp:featuredmedia":[{"embeddable":true,"href":"https:\/\/gesundheitsberatung.com\/ernaehrung\/wp-json\/wp\/v2\/media\/10365"}],"wp:attachment":[{"href":"https:\/\/gesundheitsberatung.com\/ernaehrung\/wp-json\/wp\/v2\/media?parent=10354"}],"wp:term":[{"taxonomy":"category","embeddable":true,"href":"https:\/\/gesundheitsberatung.com\/ernaehrung\/wp-json\/wp\/v2\/categories?post=10354"},{"taxonomy":"post_tag","embeddable":true,"href":"https:\/\/gesundheitsberatung.com\/ernaehrung\/wp-json\/wp\/v2\/tags?post=10354"}],"curies":[{"name":"wp","href":"https:\/\/api.w.org\/{rel}","templated":true}]}}