{"id":10189,"date":"2015-04-27T14:57:58","date_gmt":"2015-04-27T13:57:58","guid":{"rendered":"http:\/\/gesundheitsberatung.com\/ernaehrung\/?p=10189"},"modified":"2023-06-03T20:37:11","modified_gmt":"2023-06-03T18:37:11","slug":"sprossen-die-vitaminbombe-in-der-kalten-jahreszeit","status":"publish","type":"post","link":"https:\/\/gesundheitsberatung.com\/ernaehrung\/naehrstoffe-mineralien\/sprossen-die-vitaminbombe-in-der-kalten-jahreszeit\/","title":{"rendered":"Sprossen: Die Vitaminbombe in der kalten Jahreszeit"},"content":{"rendered":"<p>Besonders in der <strong>kalten Jahreszeit<\/strong> mangelt es so manchem an einer gesunden Ern\u00e4hrung. Wenn heimische Obst- und Gem\u00fcsesorten rar werden, schreit der K\u00f6rper regelrecht nach einem Ersatz. <b>Sprossen<\/b> sind dann eine gesunde und n\u00e4hrstoffreiche Alternative. Praktisch sind die kleinen gr\u00fcnen Helfer vor allem, weil man sie ganz einfach auch Zuhause z\u00fcchten kann und sie schnell nachwachsen.<\/p>\n<h3>Vitamine und Mineralstoffe in Sprossen<\/h3>\n<p>Sprossen enthalten Vitamin B1, B2, C, E, Niacin, Eisen, Kalzium, Zink und Magnesium. Somit stellen sie eine richtige Vitaminbombe da, die den K\u00f6rper mit nahezu allem Wichtigen versorgt. Auch das oftmals untersch\u00e4tzte Vitramin B9 ist zuhauf in den Sprossen zu finden. Der K\u00f6rper braucht es f\u00fcr die Blutbildung, das Wachstum und die Zellteilung.<\/p>\n<p>Bemerkenswert ist ebenfalls der hohe Ballaststoffanteil in Sprossen. Dieser f\u00f6rdert zum einen eine gesunde Verdauung und zum anderen st\u00e4rkt er das Immunsystem. Der empfohlene Tagesbedarf an Sprossen ist relativ hoch und kann daher von kaum einem Menschen verzehrt werden. Sprossen gelten somit eher als Erg\u00e4nzungsmittel, denn als Hauptnahrungsmittel.<\/p>\n<h3>Sprossen gegen Krebs<\/h3>\n<p>Brokkolisprossen nehmen einen besonderen Platz innerhalb der Sprossenfamilie ein. Wissenschaftler des Heidelberger Universit\u00e4tsklinikums eruierten, dass Sulforaphan, ein Senf\u00f6l, welches in hoher Konzentration in Brokkolisprossen zu finden ist, gegen Tumorzellen wirkt. Wie viele Sprossen f\u00fcr eine positive Wirkung verzehrt werden m\u00fcssen, konnte innerhalb der Untersuchung nicht einwandfrei festgelegt werden, da die N\u00e4hrstoffgehalte von Sprossentyp zu Sprossentyp variieren. Positive Ergebnisse bei einer Zugabe von 90 Gramm Sulforaphan wurden allerdings beobachtet und das sogar bei hoch resistenten Tumorarten.<\/p>\n<h3>Vielfalt an Sprossen<\/h3>\n<p>Sprossen sind vor allem deshalb sehr ertragreich, weil es zahlreiche unterschiedliche Arten von ihnen gibt. Ob Kresse, Bockshornklee oder Mungobohnensprossen \u2013 die hiesige K\u00fcche hat einiges an Sprossen zu bieten. Keimlinge lassen sich allerdings auch aus zahlreichen anderen Gem\u00fcse- und Getreidesamen ziehen. F\u00fcr die Hauszucht bietet sich ein Keimger\u00e4t an. In vielen F\u00e4llen gelingt die Anzucht aber auch schon mit einer flachen Schale und einem angefeuchteten Papiertuch.<\/p>\n<p>Sprossen sind leider sehr keimanf\u00e4llig, weshalb es sich empfiehlt die gez\u00fcchteten Sprossen innerhalb von zwei Tagen nach Anzucht zu verbrauchen. Menschen mit eingeschr\u00e4nktem Immunsystem, wie Schwangere und Kleinkinder beispielsweise, sollten Sprossen erst nach einer ausgepr\u00e4gten Dauer der Erhitzung verzehren.<\/p>\n<h3>Hygienetipps<\/h3>\n<p>Generell k\u00f6nnen die folgenden Hygienetipps dabei helfen eine Infektionen mit Keimen durch Sprossenkontakt zu vermeiden. Verzehr\u2019 frisch gekaufte Sprossen m\u00f6glichst zeitnah und achte darauf die Lagerung entsprechend der Angaben auf der Verpackung durchzuf\u00fchren. Utensilien, mit denen die Sprossen zubereitet werden sollen, m\u00fcssen vor der Verwendung unter heissem Wasser gereinigt werden. Weiterhin ist es wichtig immer vor dem Kontakt mit den Samen gr\u00fcndlich die H\u00e4nde zu waschen. Die verwendete Keimschale oder auch das Keimger\u00e4t muss ebenfalls t\u00e4glich mit Wasser ausgep\u00fclt werden. Dann steht einem keimfreien Umgang mit Sprossen nichts mehr im Weg und der Gesundheit kommt dies auch noch zugute.<\/p>\n<p>&nbsp;<\/p>\n","protected":false},"excerpt":{"rendered":"<p>Besonders in der kalten Jahreszeit mangelt es so manchem an einer gesunden Ern\u00e4hrung. Wenn heimische Obst- und Gem\u00fcsesorten rar werden, schreit der K\u00f6rper regelrecht nach einem Ersatz. Sprossen sind dann eine gesunde und n\u00e4hrstoffreiche Alternative. Praktisch sind die kleinen gr\u00fcnen Helfer vor allem, weil man sie ganz einfach auch Zuhause z\u00fcchten kann und sie schnell [&hellip;]<\/p>\n","protected":false},"author":9,"featured_media":10281,"comment_status":"closed","ping_status":"closed","sticky":false,"template":"","format":"standard","meta":{"footnotes":""},"categories":[4898,4900],"tags":[4283,131,2960,2961,2962,2963],"class_list":["post-10189","post","type-post","status-publish","format-standard","has-post-thumbnail","hentry","category-krankheit-ernaehrung","category-naehrstoffe-mineralien","tag-gesuender-ernaehren","tag-gesundheit","tag-sprossen","tag-sprossen-ernaehrung-gesund-vitamine","tag-sprossen-nahrungsergaenzungsmittel","tag-sprossen-vitaminbombe"],"yoast_head":"<!-- This site is optimized with the Yoast SEO plugin v26.0 - https:\/\/yoast.com\/wordpress\/plugins\/seo\/ -->\n<title>Sprossen: Die Vitaminbombe in der kalten Jahreszeit &#187; Ern\u00e4hrung<\/title>\n<meta name=\"description\" content=\"Besonders in der kalten Jahreszeit mangelt es so manchem an einer gesunden Ern\u00e4hrung. Wenn heimische Obst- und Gem\u00fcsesorten rar werden, schreit der K\u00f6rper\" \/>\n<meta name=\"robots\" content=\"index, follow, max-snippet:-1, max-image-preview:large, max-video-preview:-1\" \/>\n<link rel=\"canonical\" href=\"https:\/\/gesundheitsberatung.com\/ernaehrung\/naehrstoffe-mineralien\/sprossen-die-vitaminbombe-in-der-kalten-jahreszeit\/\" \/>\n<meta property=\"og:locale\" content=\"de_DE\" \/>\n<meta property=\"og:type\" content=\"article\" \/>\n<meta property=\"og:title\" content=\"Sprossen: Die Vitaminbombe in der kalten Jahreszeit &#187; Ern\u00e4hrung\" \/>\n<meta property=\"og:description\" content=\"Besonders in der kalten Jahreszeit mangelt es so manchem an einer gesunden Ern\u00e4hrung. Wenn heimische Obst- und Gem\u00fcsesorten rar werden, schreit der K\u00f6rper\" \/>\n<meta property=\"og:url\" content=\"https:\/\/gesundheitsberatung.com\/ernaehrung\/naehrstoffe-mineralien\/sprossen-die-vitaminbombe-in-der-kalten-jahreszeit\/\" \/>\n<meta property=\"og:site_name\" content=\"Ern\u00e4hrung\" \/>\n<meta property=\"article:publisher\" content=\"https:\/\/www.facebook.com\/ernaehrung\/\" \/>\n<meta property=\"article:published_time\" content=\"2015-04-27T13:57:58+00:00\" \/>\n<meta property=\"article:modified_time\" content=\"2023-06-03T18:37:11+00:00\" \/>\n<meta property=\"og:image\" content=\"https:\/\/gesundheitsberatung.com\/ernaehrung\/wp-content\/uploads\/sites\/3\/Sprossen_vitaminbombe.jpg\" \/>\n\t<meta property=\"og:image:width\" content=\"1024\" \/>\n\t<meta property=\"og:image:height\" content=\"683\" \/>\n\t<meta property=\"og:image:type\" content=\"image\/jpeg\" \/>\n<meta name=\"author\" content=\"Laura Behm\" \/>\n<meta name=\"twitter:card\" content=\"summary_large_image\" \/>\n<meta name=\"twitter:creator\" content=\"@Vistano\" \/>\n<meta name=\"twitter:site\" content=\"@Vistano\" \/>\n<script type=\"application\/ld+json\" class=\"yoast-schema-graph\">{\"@context\":\"https:\/\/schema.org\",\"@graph\":[{\"@type\":\"WebPage\",\"@id\":\"https:\/\/gesundheitsberatung.com\/ernaehrung\/naehrstoffe-mineralien\/sprossen-die-vitaminbombe-in-der-kalten-jahreszeit\/\",\"url\":\"https:\/\/gesundheitsberatung.com\/ernaehrung\/naehrstoffe-mineralien\/sprossen-die-vitaminbombe-in-der-kalten-jahreszeit\/\",\"name\":\"Sprossen: Die Vitaminbombe in der kalten Jahreszeit &#187; Ern\u00e4hrung\",\"isPartOf\":{\"@id\":\"https:\/\/gesundheitsberatung.com\/ernaehrung\/#website\"},\"primaryImageOfPage\":{\"@id\":\"https:\/\/gesundheitsberatung.com\/ernaehrung\/naehrstoffe-mineralien\/sprossen-die-vitaminbombe-in-der-kalten-jahreszeit\/#primaryimage\"},\"image\":{\"@id\":\"https:\/\/gesundheitsberatung.com\/ernaehrung\/naehrstoffe-mineralien\/sprossen-die-vitaminbombe-in-der-kalten-jahreszeit\/#primaryimage\"},\"thumbnailUrl\":\"https:\/\/gesundheitsberatung.com\/ernaehrung\/wp-content\/uploads\/sites\/3\/Sprossen_vitaminbombe.jpg\",\"datePublished\":\"2015-04-27T13:57:58+00:00\",\"dateModified\":\"2023-06-03T18:37:11+00:00\",\"author\":{\"@id\":\"https:\/\/gesundheitsberatung.com\/ernaehrung\/#\/schema\/person\/ef95dd512e246837e5c8b258fef765bf\"},\"description\":\"Besonders in der kalten Jahreszeit mangelt es so manchem an einer gesunden Ern\u00e4hrung. Wenn heimische Obst- und Gem\u00fcsesorten rar werden, schreit der K\u00f6rper\",\"breadcrumb\":{\"@id\":\"https:\/\/gesundheitsberatung.com\/ernaehrung\/naehrstoffe-mineralien\/sprossen-die-vitaminbombe-in-der-kalten-jahreszeit\/#breadcrumb\"},\"inLanguage\":\"de\",\"potentialAction\":[{\"@type\":\"ReadAction\",\"target\":[\"https:\/\/gesundheitsberatung.com\/ernaehrung\/naehrstoffe-mineralien\/sprossen-die-vitaminbombe-in-der-kalten-jahreszeit\/\"]}]},{\"@type\":\"ImageObject\",\"inLanguage\":\"de\",\"@id\":\"https:\/\/gesundheitsberatung.com\/ernaehrung\/naehrstoffe-mineralien\/sprossen-die-vitaminbombe-in-der-kalten-jahreszeit\/#primaryimage\",\"url\":\"https:\/\/gesundheitsberatung.com\/ernaehrung\/wp-content\/uploads\/sites\/3\/Sprossen_vitaminbombe.jpg\",\"contentUrl\":\"https:\/\/gesundheitsberatung.com\/ernaehrung\/wp-content\/uploads\/sites\/3\/Sprossen_vitaminbombe.jpg\",\"width\":1024,\"height\":683,\"caption\":\"Sprossen: Die Vitaminbombe in der kalten Jahreszeit\"},{\"@type\":\"BreadcrumbList\",\"@id\":\"https:\/\/gesundheitsberatung.com\/ernaehrung\/naehrstoffe-mineralien\/sprossen-die-vitaminbombe-in-der-kalten-jahreszeit\/#breadcrumb\",\"itemListElement\":[{\"@type\":\"ListItem\",\"position\":1,\"name\":\"Home\",\"item\":\"https:\/\/gesundheitsberatung.com\/ernaehrung\/\"},{\"@type\":\"ListItem\",\"position\":2,\"name\":\"N\u00e4hrstoffe &amp; Mineralien\",\"item\":\"https:\/\/gesundheitsberatung.com\/ernaehrung\/magazin\/naehrstoffe-mineralien\/\"},{\"@type\":\"ListItem\",\"position\":3,\"name\":\"Sprossen: Die Vitaminbombe in der kalten Jahreszeit\"}]},{\"@type\":\"WebSite\",\"@id\":\"https:\/\/gesundheitsberatung.com\/ernaehrung\/#website\",\"url\":\"https:\/\/gesundheitsberatung.com\/ernaehrung\/\",\"name\":\"Ern\u00e4hrung\",\"description\":\"Ern\u00e4hrung \u260e Beratung durch Ern\u00e4hrungsberater! Jetzt Gratis-Beratung sichern: \u2714 \u00c4rzte \u2714 Heilpraktiker \u2714 Weight Coaches \u2714 Ern\u00e4hrungswissenschaftler \u2714 Di\u00e4tassistenten \u2714 Sportern\u00e4hrung bei Vistano Ern\u00e4hrung.\",\"potentialAction\":[{\"@type\":\"SearchAction\",\"target\":{\"@type\":\"EntryPoint\",\"urlTemplate\":\"https:\/\/gesundheitsberatung.com\/ernaehrung\/?s={search_term_string}\"},\"query-input\":{\"@type\":\"PropertyValueSpecification\",\"valueRequired\":true,\"valueName\":\"search_term_string\"}}],\"inLanguage\":\"de\"},{\"@type\":\"Person\",\"@id\":\"https:\/\/gesundheitsberatung.com\/ernaehrung\/#\/schema\/person\/ef95dd512e246837e5c8b258fef765bf\",\"name\":\"Laura Behm\",\"description\":\"Redakteurin bei Vistano Lebensberatung\",\"sameAs\":[\"http:\/\/www.vistano.com\/\"]}]}<\/script>\n<!-- \/ Yoast SEO plugin. -->","yoast_head_json":{"title":"Sprossen: Die Vitaminbombe in der kalten Jahreszeit &#187; Ern\u00e4hrung","description":"Besonders in der kalten Jahreszeit mangelt es so manchem an einer gesunden Ern\u00e4hrung. Wenn heimische Obst- und Gem\u00fcsesorten rar werden, schreit der K\u00f6rper","robots":{"index":"index","follow":"follow","max-snippet":"max-snippet:-1","max-image-preview":"max-image-preview:large","max-video-preview":"max-video-preview:-1"},"canonical":"https:\/\/gesundheitsberatung.com\/ernaehrung\/naehrstoffe-mineralien\/sprossen-die-vitaminbombe-in-der-kalten-jahreszeit\/","og_locale":"de_DE","og_type":"article","og_title":"Sprossen: Die Vitaminbombe in der kalten Jahreszeit &#187; Ern\u00e4hrung","og_description":"Besonders in der kalten Jahreszeit mangelt es so manchem an einer gesunden Ern\u00e4hrung. Wenn heimische Obst- und Gem\u00fcsesorten rar werden, schreit der K\u00f6rper","og_url":"https:\/\/gesundheitsberatung.com\/ernaehrung\/naehrstoffe-mineralien\/sprossen-die-vitaminbombe-in-der-kalten-jahreszeit\/","og_site_name":"Ern\u00e4hrung","article_publisher":"https:\/\/www.facebook.com\/ernaehrung\/","article_published_time":"2015-04-27T13:57:58+00:00","article_modified_time":"2023-06-03T18:37:11+00:00","og_image":[{"width":1024,"height":683,"url":"https:\/\/gesundheitsberatung.com\/ernaehrung\/wp-content\/uploads\/sites\/3\/Sprossen_vitaminbombe.jpg","type":"image\/jpeg"}],"author":"Laura Behm","twitter_card":"summary_large_image","twitter_creator":"@Vistano","twitter_site":"@Vistano","schema":{"@context":"https:\/\/schema.org","@graph":[{"@type":"WebPage","@id":"https:\/\/gesundheitsberatung.com\/ernaehrung\/naehrstoffe-mineralien\/sprossen-die-vitaminbombe-in-der-kalten-jahreszeit\/","url":"https:\/\/gesundheitsberatung.com\/ernaehrung\/naehrstoffe-mineralien\/sprossen-die-vitaminbombe-in-der-kalten-jahreszeit\/","name":"Sprossen: Die Vitaminbombe in der kalten Jahreszeit &#187; Ern\u00e4hrung","isPartOf":{"@id":"https:\/\/gesundheitsberatung.com\/ernaehrung\/#website"},"primaryImageOfPage":{"@id":"https:\/\/gesundheitsberatung.com\/ernaehrung\/naehrstoffe-mineralien\/sprossen-die-vitaminbombe-in-der-kalten-jahreszeit\/#primaryimage"},"image":{"@id":"https:\/\/gesundheitsberatung.com\/ernaehrung\/naehrstoffe-mineralien\/sprossen-die-vitaminbombe-in-der-kalten-jahreszeit\/#primaryimage"},"thumbnailUrl":"https:\/\/gesundheitsberatung.com\/ernaehrung\/wp-content\/uploads\/sites\/3\/Sprossen_vitaminbombe.jpg","datePublished":"2015-04-27T13:57:58+00:00","dateModified":"2023-06-03T18:37:11+00:00","author":{"@id":"https:\/\/gesundheitsberatung.com\/ernaehrung\/#\/schema\/person\/ef95dd512e246837e5c8b258fef765bf"},"description":"Besonders in der kalten Jahreszeit mangelt es so manchem an einer gesunden Ern\u00e4hrung. Wenn heimische Obst- und Gem\u00fcsesorten rar werden, schreit der K\u00f6rper","breadcrumb":{"@id":"https:\/\/gesundheitsberatung.com\/ernaehrung\/naehrstoffe-mineralien\/sprossen-die-vitaminbombe-in-der-kalten-jahreszeit\/#breadcrumb"},"inLanguage":"de","potentialAction":[{"@type":"ReadAction","target":["https:\/\/gesundheitsberatung.com\/ernaehrung\/naehrstoffe-mineralien\/sprossen-die-vitaminbombe-in-der-kalten-jahreszeit\/"]}]},{"@type":"ImageObject","inLanguage":"de","@id":"https:\/\/gesundheitsberatung.com\/ernaehrung\/naehrstoffe-mineralien\/sprossen-die-vitaminbombe-in-der-kalten-jahreszeit\/#primaryimage","url":"https:\/\/gesundheitsberatung.com\/ernaehrung\/wp-content\/uploads\/sites\/3\/Sprossen_vitaminbombe.jpg","contentUrl":"https:\/\/gesundheitsberatung.com\/ernaehrung\/wp-content\/uploads\/sites\/3\/Sprossen_vitaminbombe.jpg","width":1024,"height":683,"caption":"Sprossen: Die Vitaminbombe in der kalten Jahreszeit"},{"@type":"BreadcrumbList","@id":"https:\/\/gesundheitsberatung.com\/ernaehrung\/naehrstoffe-mineralien\/sprossen-die-vitaminbombe-in-der-kalten-jahreszeit\/#breadcrumb","itemListElement":[{"@type":"ListItem","position":1,"name":"Home","item":"https:\/\/gesundheitsberatung.com\/ernaehrung\/"},{"@type":"ListItem","position":2,"name":"N\u00e4hrstoffe &amp; Mineralien","item":"https:\/\/gesundheitsberatung.com\/ernaehrung\/magazin\/naehrstoffe-mineralien\/"},{"@type":"ListItem","position":3,"name":"Sprossen: Die Vitaminbombe in der kalten Jahreszeit"}]},{"@type":"WebSite","@id":"https:\/\/gesundheitsberatung.com\/ernaehrung\/#website","url":"https:\/\/gesundheitsberatung.com\/ernaehrung\/","name":"Ern\u00e4hrung","description":"Ern\u00e4hrung \u260e Beratung durch Ern\u00e4hrungsberater! Jetzt Gratis-Beratung sichern: \u2714 \u00c4rzte \u2714 Heilpraktiker \u2714 Weight Coaches \u2714 Ern\u00e4hrungswissenschaftler \u2714 Di\u00e4tassistenten \u2714 Sportern\u00e4hrung bei Vistano Ern\u00e4hrung.","potentialAction":[{"@type":"SearchAction","target":{"@type":"EntryPoint","urlTemplate":"https:\/\/gesundheitsberatung.com\/ernaehrung\/?s={search_term_string}"},"query-input":{"@type":"PropertyValueSpecification","valueRequired":true,"valueName":"search_term_string"}}],"inLanguage":"de"},{"@type":"Person","@id":"https:\/\/gesundheitsberatung.com\/ernaehrung\/#\/schema\/person\/ef95dd512e246837e5c8b258fef765bf","name":"Laura Behm","description":"Redakteurin bei Vistano Lebensberatung","sameAs":["http:\/\/www.vistano.com\/"]}]}},"_links":{"self":[{"href":"https:\/\/gesundheitsberatung.com\/ernaehrung\/wp-json\/wp\/v2\/posts\/10189","targetHints":{"allow":["GET"]}}],"collection":[{"href":"https:\/\/gesundheitsberatung.com\/ernaehrung\/wp-json\/wp\/v2\/posts"}],"about":[{"href":"https:\/\/gesundheitsberatung.com\/ernaehrung\/wp-json\/wp\/v2\/types\/post"}],"author":[{"embeddable":true,"href":"https:\/\/gesundheitsberatung.com\/ernaehrung\/wp-json\/wp\/v2\/users\/9"}],"replies":[{"embeddable":true,"href":"https:\/\/gesundheitsberatung.com\/ernaehrung\/wp-json\/wp\/v2\/comments?post=10189"}],"version-history":[{"count":0,"href":"https:\/\/gesundheitsberatung.com\/ernaehrung\/wp-json\/wp\/v2\/posts\/10189\/revisions"}],"wp:featuredmedia":[{"embeddable":true,"href":"https:\/\/gesundheitsberatung.com\/ernaehrung\/wp-json\/wp\/v2\/media\/10281"}],"wp:attachment":[{"href":"https:\/\/gesundheitsberatung.com\/ernaehrung\/wp-json\/wp\/v2\/media?parent=10189"}],"wp:term":[{"taxonomy":"category","embeddable":true,"href":"https:\/\/gesundheitsberatung.com\/ernaehrung\/wp-json\/wp\/v2\/categories?post=10189"},{"taxonomy":"post_tag","embeddable":true,"href":"https:\/\/gesundheitsberatung.com\/ernaehrung\/wp-json\/wp\/v2\/tags?post=10189"}],"curies":[{"name":"wp","href":"https:\/\/api.w.org\/{rel}","templated":true}]}}